{"id":1033,"date":"2021-12-01T16:00:56","date_gmt":"2021-12-01T16:00:56","guid":{"rendered":"https:\/\/fiber.pl\/olkusz\/?p=1033"},"modified":"2021-12-01T16:00:34","modified_gmt":"2021-12-01T16:00:34","slug":"praca-dla-montera","status":"publish","type":"post","link":"https:\/\/fiber.pl\/olkusz\/praca-dla-montera\/","title":{"rendered":"Praca dla serwisanta"},"content":{"rendered":"<p>Je\u015bli chcesz pracowa\u0107 w bran\u017cy telekomunikacyjnej, \u015bwiat\u0142owody nie s\u0105 dla ciebie magi\u0105, a nawet potrafisz je zespawa\u0107, zapraszamy Ci\u0119 do zespo\u0142u FIBER! Dynamicznie si\u0119 rozwijamy i fajnie by\u0142oby mie\u0107 ci\u0119 na pok\u0142adzie najwi\u0119kszego lokalnego operatora sieci \u015bwiat\u0142owodowej w powiecie olkuskim!<\/p>\n<p>STANOWISKO: SERWISANT-MONTER-INSTALATOR sieci \u015bwiat\u0142owodowej<\/p>\n<p>Miejsce pracy: powiaty olkuski, zawiercia\u0144ski, miechowski<\/p>\n<p><strong>Twoje obowi\u0105zki:<\/strong><\/p>\n<ul>\n<li>prace przy rozbudowie sieci \u015bwiat\u0142owodowej FIBER,<\/li>\n<li>monta\u017c linii \u015bwiat\u0142owodowych,<\/li>\n<li>wykonywanie przy\u0142\u0105czy budynk\u00f3w do sieci FIBER,<\/li>\n<li>instalacje wewn\u0105trz budynk\u00f3w,<\/li>\n<li>spawanie w\u0142\u00f3kien \u015bwiat\u0142owodowych,<\/li>\n<li>konfiguracja urz\u0105dze\u0144 abonenckich.<\/li>\n<\/ul>\n<p><strong>Oczekujemy:<\/strong><\/p>\n<ul>\n<li>wykszta\u0142cenia kierunkowego technicznego,<\/li>\n<li>wiedzy z zakresu instalacji teleinformatycznych,<\/li>\n<li>podstawowych umiej\u0119tno\u015bci instalatorskich,<\/li>\n<li>braku przeciwwskaza\u0144 do pracy na wysoko\u015bci (drabina),<\/li>\n<li>prawa jazdy kategorii B,<\/li>\n<li>bardzo dobrej organizacji pracy w\u0142asnej oraz wsp\u00f3\u0142pracy w zespole.<\/li>\n<\/ul>\n<p><strong>Oferujemy:<\/strong><\/p>\n<ul>\n<li>zatrudnienie w oparciu o umow\u0119 o prac\u0119 lub inn\u0105, dogodn\u0105 dla ciebie umow\u0119 cywilno-prawn\u0105 (mo\u017ce by\u0107 B2B),<\/li>\n<li>narz\u0119dzia niezb\u0119dne do wykonywania pracy,<\/li>\n<li>wsparcie merytoryczne innych cz\u0142onk\u00f3w zespo\u0142u,<\/li>\n<li>mo\u017cliwo\u015b\u0107 szkolenia si\u0119 i rozwoju zawodowego.<\/li>\n<\/ul>\n<p><strong>Mile widziane do\u015bwiadczenie na podobnym stanowisku, ale nie jest konieczne \u2013 wszystkiego Ci\u0119 nauczymy!<\/strong><\/p>\n<p>Brzmi dobrze? Napisz do nas: <a href=\"mailto:marketing@interkonekt.pl\">praca@interkonekt.pl<\/a>. Na Twoje zg\u0142oszenie z CV czekamy do 15 grudnia 2021.<\/p>\n<p>_____________________________________<\/p>\n<p>Na podstawie art. 13 ust. 1 i 2 Rozporz\u0105dzenia Parlamentu Europejskiego i Rady (UE) 2016\/679 z dnia 27 kwietnia 2016 r. w sprawie ochrony os\u00f3b fizycznych w zwi\u0105zku z przetwarzaniem danych osobowych i w sprawie swobodnego przep\u0142ywu takich danych oraz uchylenia dyrektywy 95\/46\/WE (og\u00f3lne rozporz\u0105dzenie o ochronie danych) informujemy Pa\u0144stwa o zasadach przetwarzania danymi osobowymi pozyskanymi w trakcie procesu rekrutacji.<\/p>\n<p>I. Administratorem danych osobowych jest sp\u00f3\u0142ka Interkonekt Pawe\u0142 Barczyk, Tomasz Furman sp\u00f3\u0142ka jawna z siedzib\u0105 w Wolbromiu, ul. M. Pi\u0142sudskiego 57a, 32-340 Wolbrom, e-mail: rodo@interkonekt.pl telefon: 32 706 50 00<\/p>\n<p>II. Dane osobowe gromadzone podczas rekrutacji przetwarzane s\u0105 w celu przeprowadzenia procesu rekrutacyjnego, do czasu zako\u0144czenia procesu rekrutacji na okre\u015blone w og\u0142oszeniu stanowisko. Nie przechowujemy danych osobowych na poczet przysz\u0142ych rekrutacji.<\/p>\n<p>III. Maj\u0105 Pa\u0144stwo prawo dost\u0119pu do tre\u015bci swoich danych i ich sprostowania, usuni\u0119cia, ograniczenia przetwarzania, prawo do przenoszenia danych, prawo do wniesienia sprzeciwu wobec przetwarzania a tak\u017ce prawo do wniesienia skargi do Prezesa Urz\u0119du Ochrony Danych Osobowych.<\/p>\n<p>IV. Dane osobowe kandydat\u00f3w nie b\u0119d\u0105 przekazywane podmiotom trzecim.<\/p>\n<p>V. Pa\u0144stwa dane osobowe nie b\u0119d\u0105 przekazane poza Europejski Obszar Gospodarczy.<\/p>\n<p>VI. Nie dokonujemy profilowania w procesie przetwarzania danymi osobowymi.<\/p>\n<p>VII. Podanie danych w CV danych osobowych takich jak: imi\u0119 i nazwisko, data urodzenia, dane kontaktowe (telefon, adres e-mail), wykszta\u0142cenie, kwalifikacje zawodowe oraz przebieg dotychczasowego zatrudnienia jest dobrowolne, ale niezb\u0119dne w celu uczestnictwa w bie\u017c\u0105cym procesie rekrutacyjnym.<\/p>\n<p>VIII. Podanie dodatkowych danych osobowych jest dobrowolne, ale wymaga wyra\u017anej Pa\u0144stwa zgody dlatego prosimy o zamieszczenie w CV klauzuli jak poni\u017cej:<\/p>\n<p>Wyra\u017cam zgod\u0119 na przetwarzanie moich danych osobowych zawartych w CV przez Interkonekt Pawe\u0142 Barczyk, Tomasz Furman sp\u00f3\u0142ka jawna z siedzib\u0105 w Wolbromiu, dla potrzeb niezb\u0119dnych do realizacji procesu rekrutacyjnego, zgodnie z przepisami Rozporz\u0105dzenia Parlamentu Europejskiego i Rady (UE) 2016\/679 z dnia 27 kwietnia 2016 roku w sprawie ochrony os\u00f3b fizycznych w zwi\u0105zku z przetwarzaniem danych osobowych i w sprawie swobodnego przep\u0142ywu takich danych oraz uchylenia dyrektywy 95\/46\/WE (RODO).<\/p>\n<p>IX. Udzielona przez Pa\u0144stwa zgoda mo\u017ce zosta\u0107 cofni\u0119ta w ka\u017cdym czasie. Wycofanie zgody nie wp\u0142ywa na zgodno\u015b\u0107 z prawem przetwarzania, kt\u00f3rego dokonano na podstawie zgody przed jej wycofaniem.<\/p>\n<p>&nbsp;<\/p>\n<p>&nbsp;<\/p>\n<p>&nbsp;<\/p>\n","protected":false},"excerpt":{"rendered":"<p>Je\u015bli chcesz pracowa\u0107 w bran\u017cy telekomunikacyjnej, \u015bwiat\u0142owody nie s\u0105 dla ciebie magi\u0105, a nawet potrafisz je [&#8230;] <\/p>\n<div class=\"read-mode-box\"><a class=\"btn btn-default read-more\" href=\"https:\/\/fiber.pl\/olkusz\/praca-dla-montera\/\">Czytaj wi\u0119cej<\/a><\/div>\n","protected":false},"author":5,"featured_media":1034,"comment_status":"closed","ping_status":"open","sticky":false,"template":"","format":"standard","meta":{"om_disable_all_campaigns":false,"_monsterinsights_skip_tracking":false,"_monsterinsights_sitenote_active":false,"_monsterinsights_sitenote_note":"","_monsterinsights_sitenote_category":0,"footnotes":""},"categories":[1],"tags":[],"class_list":["post-1033","post","type-post","status-publish","format-standard","has-post-thumbnail","hentry","category-aktualnosci"],"_links":{"self":[{"href":"https:\/\/fiber.pl\/olkusz\/wp-json\/wp\/v2\/posts\/1033","targetHints":{"allow":["GET"]}}],"collection":[{"href":"https:\/\/fiber.pl\/olkusz\/wp-json\/wp\/v2\/posts"}],"about":[{"href":"https:\/\/fiber.pl\/olkusz\/wp-json\/wp\/v2\/types\/post"}],"author":[{"embeddable":true,"href":"https:\/\/fiber.pl\/olkusz\/wp-json\/wp\/v2\/users\/5"}],"replies":[{"embeddable":true,"href":"https:\/\/fiber.pl\/olkusz\/wp-json\/wp\/v2\/comments?post=1033"}],"version-history":[{"count":4,"href":"https:\/\/fiber.pl\/olkusz\/wp-json\/wp\/v2\/posts\/1033\/revisions"}],"predecessor-version":[{"id":1091,"href":"https:\/\/fiber.pl\/olkusz\/wp-json\/wp\/v2\/posts\/1033\/revisions\/1091"}],"wp:featuredmedia":[{"embeddable":true,"href":"https:\/\/fiber.pl\/olkusz\/wp-json\/wp\/v2\/media\/1034"}],"wp:attachment":[{"href":"https:\/\/fiber.pl\/olkusz\/wp-json\/wp\/v2\/media?parent=1033"}],"wp:term":[{"taxonomy":"category","embeddable":true,"href":"https:\/\/fiber.pl\/olkusz\/wp-json\/wp\/v2\/categories?post=1033"},{"taxonomy":"post_tag","embeddable":true,"href":"https:\/\/fiber.pl\/olkusz\/wp-json\/wp\/v2\/tags?post=1033"}],"curies":[{"name":"wp","href":"https:\/\/api.w.org\/{rel}","templated":true}]}}