{"id":1093,"date":"2021-12-03T09:59:40","date_gmt":"2021-12-03T09:59:40","guid":{"rendered":"https:\/\/fiber.pl\/olkusz\/?p=1093"},"modified":"2021-12-03T10:10:59","modified_gmt":"2021-12-03T10:10:59","slug":"prezent-dla-ciebie","status":"publish","type":"post","link":"https:\/\/fiber.pl\/olkusz\/prezent-dla-ciebie\/","title":{"rendered":"Prezent dla Ciebie od Miko\u0142aja"},"content":{"rendered":"<p>Ho\u0142, ho\u0142! Mamy cynk, \u017ce 6 grudnia \u015aw. Miko\u0142aj b\u0119dzie w FIBER! B\u0119dzie mia\u0142 dla was PREZENTY &#8211; <strong>bony na internet i telewizj\u0119 \u015bwiat\u0142owodow\u0105<\/strong>, kt\u00f3re \u015bmigaj\u0105 jeszcze szybciej ni\u017c jego sanie! A\u017c <strong>3 miesi\u0105ce darmowego<\/strong> \u015bmigania czekaj\u0105 na naszych obecnych i nowych klient\u00f3w!<\/p>\n<p>Je\u015bli ju\u017c <strong>JESTE\u015a KLIENTEM FIBER<\/strong> i korzystasz tylko z jednej naszej us\u0142ugi, bon wykorzystasz przy podpisywaniu na kolejn\u0105. Przyk\u0142adowo &#8211; je\u015bli masz ju\u017c nasz internet, a chcesz telewizj\u0119, przez pierwsze 3 miesi\u0105ce za ni\u0105 nie zap\u0142acisz.<\/p>\n<p>Je\u015bli <strong>CHCESZ BY\u0106 NASZYM KLIENTEM<\/strong>, bon wykorzystasz na us\u0142ugi, kt\u00f3re wybierzesz. Ty r\u00f3wnie\u017c przez pierwsze 3 miesi\u0105ce b\u0119dziesz \u015bmiga\u0107 gratis!<\/p>\n<p>&nbsp;<\/p>\n<p><strong>JAK ODEBRA\u0106 PREZENT?<\/strong><\/p>\n<ol>\n<li>6 grudnia do godz. 23:59 wy\u015blij maila na adres <a href=\"mailto:bok@interkonekt.pl\">bok@interkonekt.pl<\/a> w tytule wpisuj\u0105c &#8222;\u015aWI\u0118TY MIKO\u0141AJ&#8221; lub wype\u0142nij formularz kontaktowy <a href=\"https:\/\/fiber.pl\/olkusz\/kontakt\/\">https:\/\/fiber.pl\/olkusz\/kontakt\/<\/a> (w opisie wpisuj\u0105c: \u201e\u015aWI\u0118TY MIKO\u0141AJ\u201d)<\/li>\n<li>Zostaw namiary do siebie: imi\u0119 i nazwisko oraz numer telefonu.<\/li>\n<li>Nasze fioletowe elfy skontaktuj\u0105 si\u0119 z Tob\u0105 i wy\u015bl\u0105 Ci BON na 3 miesi\u0105ce bezp\u0142atnych us\u0142ug FIBER, kt\u00f3ry mo\u017cesz wykorzysta\u0107 do ko\u0144ca 2021 roku podczas podpisywania umowy na us\u0142ugi \u015bwiat\u0142owodowe.<\/li>\n<\/ol>\n<p>&nbsp;<\/p>\n<p>Promocja obowi\u0105zuje wy\u0142\u0105cznie 6 grudnia 2021 roku, a ilo\u015b\u0107 bon\u00f3w jest ograniczona. Nie czekaj!<\/p>\n","protected":false},"excerpt":{"rendered":"<p>Ho\u0142, ho\u0142! Mamy cynk, \u017ce 6 grudnia \u015aw. Miko\u0142aj b\u0119dzie w FIBER! B\u0119dzie mia\u0142 dla was [&#8230;] <\/p>\n<div class=\"read-mode-box\"><a class=\"btn btn-default read-more\" href=\"https:\/\/fiber.pl\/olkusz\/prezent-dla-ciebie\/\">Czytaj wi\u0119cej<\/a><\/div>\n","protected":false},"author":5,"featured_media":1094,"comment_status":"closed","ping_status":"open","sticky":false,"template":"","format":"standard","meta":{"om_disable_all_campaigns":false,"_monsterinsights_skip_tracking":false,"_monsterinsights_sitenote_active":false,"_monsterinsights_sitenote_note":"","_monsterinsights_sitenote_category":0,"footnotes":""},"categories":[1],"tags":[],"class_list":["post-1093","post","type-post","status-publish","format-standard","has-post-thumbnail","hentry","category-aktualnosci"],"_links":{"self":[{"href":"https:\/\/fiber.pl\/olkusz\/wp-json\/wp\/v2\/posts\/1093","targetHints":{"allow":["GET"]}}],"collection":[{"href":"https:\/\/fiber.pl\/olkusz\/wp-json\/wp\/v2\/posts"}],"about":[{"href":"https:\/\/fiber.pl\/olkusz\/wp-json\/wp\/v2\/types\/post"}],"author":[{"embeddable":true,"href":"https:\/\/fiber.pl\/olkusz\/wp-json\/wp\/v2\/users\/5"}],"replies":[{"embeddable":true,"href":"https:\/\/fiber.pl\/olkusz\/wp-json\/wp\/v2\/comments?post=1093"}],"version-history":[{"count":1,"href":"https:\/\/fiber.pl\/olkusz\/wp-json\/wp\/v2\/posts\/1093\/revisions"}],"predecessor-version":[{"id":1095,"href":"https:\/\/fiber.pl\/olkusz\/wp-json\/wp\/v2\/posts\/1093\/revisions\/1095"}],"wp:featuredmedia":[{"embeddable":true,"href":"https:\/\/fiber.pl\/olkusz\/wp-json\/wp\/v2\/media\/1094"}],"wp:attachment":[{"href":"https:\/\/fiber.pl\/olkusz\/wp-json\/wp\/v2\/media?parent=1093"}],"wp:term":[{"taxonomy":"category","embeddable":true,"href":"https:\/\/fiber.pl\/olkusz\/wp-json\/wp\/v2\/categories?post=1093"},{"taxonomy":"post_tag","embeddable":true,"href":"https:\/\/fiber.pl\/olkusz\/wp-json\/wp\/v2\/tags?post=1093"}],"curies":[{"name":"wp","href":"https:\/\/api.w.org\/{rel}","templated":true}]}}