{"id":1114,"date":"2022-01-21T11:11:53","date_gmt":"2022-01-21T11:11:53","guid":{"rendered":"https:\/\/fiber.pl\/olkusz\/?p=1114"},"modified":"2022-01-21T11:24:29","modified_gmt":"2022-01-21T11:24:29","slug":"ferie-jak-z-bajki-konkurs-fiber-i-disneya","status":"publish","type":"post","link":"https:\/\/fiber.pl\/olkusz\/ferie-jak-z-bajki-konkurs-fiber-i-disneya\/","title":{"rendered":"Ferie jak z bajki &#8211; konkurs FIBER i Disneya"},"content":{"rendered":"<p>KONKURS FIBER z limitowanymi prezentami od DISNEY! Pi\u0119kne gad\u017cety czekaj\u0105 na Wasze dzieciaki. Podzielcie si\u0119 z nami w <a href=\"https:\/\/www.facebook.com\/interkonekt\/videos\/1353236308439326\/\" target=\"_blank\" rel=\"noopener\">komentarzu pod postem konkursowym na naszym Facebooku<\/a> zdj\u0119ciami lub filmikami pokazuj\u0105cymi, co fajnego robicie w czasie ferii. Niech pop\u0142ynie do nas dobra energia i wasza rado\u015b\u0107 ze wsp\u00f3lnie sp\u0119dzanego czasu.<\/p>\n<p>Bez wzgl\u0119du na to, czy:<\/p>\n<ul>\n<li>je\u017adzicie na sankach,<\/li>\n<li>robicie anio\u0142ki w \u015bniegu,<\/li>\n<li>zwiedzacie ciekawe miejsca,<\/li>\n<li>wsp\u00f3lnie rysujecie,<\/li>\n<li>ogl\u0105dacie bajki Disneya w telewizji od FIBER,<\/li>\n<li>relaksujecie si\u0119 pod palmami,<\/li>\n<\/ul>\n<p>poka\u017ccie nam to!<\/p>\n<p>&nbsp;<\/p>\n<p>Na autor\u00f3w najlepszych zdj\u0119\u0107, film\u00f3w, rysunk\u00f3w (technika dowolna) czekaj\u0105 super nagrody \u2013 limitowane prezenty od Disneya i gad\u017cety FIBER. Nie kupicie ich nigdzie, ale mo\u017cecie je u nas wygra\u0107!<\/p>\n<p style=\"text-align: center;\"><strong>I nagroda<\/strong><\/p>\n<p><img loading=\"lazy\" decoding=\"async\" class=\"wp-image-1115 aligncenter\" src=\"https:\/\/fiber.pl\/olkusz\/wp-content\/uploads\/2022\/01\/IMG_20220112_132758-scaled.jpg\" alt=\"\" width=\"572\" height=\"429\" srcset=\"https:\/\/fiber.pl\/olkusz\/wp-content\/uploads\/2022\/01\/IMG_20220112_132758-scaled.jpg 2560w, https:\/\/fiber.pl\/olkusz\/wp-content\/uploads\/2022\/01\/IMG_20220112_132758-300x225.jpg 300w, https:\/\/fiber.pl\/olkusz\/wp-content\/uploads\/2022\/01\/IMG_20220112_132758-1024x768.jpg 1024w, https:\/\/fiber.pl\/olkusz\/wp-content\/uploads\/2022\/01\/IMG_20220112_132758-768x576.jpg 768w, https:\/\/fiber.pl\/olkusz\/wp-content\/uploads\/2022\/01\/IMG_20220112_132758-1536x1152.jpg 1536w, https:\/\/fiber.pl\/olkusz\/wp-content\/uploads\/2022\/01\/IMG_20220112_132758-2048x1536.jpg 2048w\" sizes=\"auto, (max-width: 572px) 100vw, 572px\" \/><\/p>\n<p style=\"text-align: center;\"><strong>II nagroda<\/strong><\/p>\n<p><img loading=\"lazy\" decoding=\"async\" class=\"wp-image-1118 aligncenter\" src=\"https:\/\/fiber.pl\/olkusz\/wp-content\/uploads\/2022\/01\/IMG_20220112_133239.jpg\" alt=\"\" width=\"575\" height=\"431\" srcset=\"https:\/\/fiber.pl\/olkusz\/wp-content\/uploads\/2022\/01\/IMG_20220112_133239.jpg 1000w, https:\/\/fiber.pl\/olkusz\/wp-content\/uploads\/2022\/01\/IMG_20220112_133239-300x225.jpg 300w, https:\/\/fiber.pl\/olkusz\/wp-content\/uploads\/2022\/01\/IMG_20220112_133239-768x576.jpg 768w\" sizes=\"auto, (max-width: 575px) 100vw, 575px\" \/><\/p>\n<p>&nbsp;<\/p>\n<p style=\"text-align: center;\"><strong>III n<\/strong><strong>agroda<\/strong><\/p>\n<p><img loading=\"lazy\" decoding=\"async\" class=\"wp-image-1116 aligncenter\" src=\"https:\/\/fiber.pl\/olkusz\/wp-content\/uploads\/2022\/01\/IMG_20220112_133712-scaled.jpg\" alt=\"\" width=\"576\" height=\"432\" srcset=\"https:\/\/fiber.pl\/olkusz\/wp-content\/uploads\/2022\/01\/IMG_20220112_133712-scaled.jpg 2560w, https:\/\/fiber.pl\/olkusz\/wp-content\/uploads\/2022\/01\/IMG_20220112_133712-300x225.jpg 300w, https:\/\/fiber.pl\/olkusz\/wp-content\/uploads\/2022\/01\/IMG_20220112_133712-1024x768.jpg 1024w, https:\/\/fiber.pl\/olkusz\/wp-content\/uploads\/2022\/01\/IMG_20220112_133712-768x576.jpg 768w, https:\/\/fiber.pl\/olkusz\/wp-content\/uploads\/2022\/01\/IMG_20220112_133712-1536x1152.jpg 1536w, https:\/\/fiber.pl\/olkusz\/wp-content\/uploads\/2022\/01\/IMG_20220112_133712-2048x1536.jpg 2048w\" sizes=\"auto, (max-width: 576px) 100vw, 576px\" \/><\/p>\n<p>Przygotowali\u015bmy r\u00f3wnie\u017c trzy nagrody-wyr\u00f3\u017cnienia z prezentami od Disneya i od nas.<\/p>\n<p>Na wasze zg\u0142oszenia czekamy do ko\u0144ca ferii, czyli <strong>do 30 stycznia 2022 roku<\/strong> (do p\u00f3\u0142nocy). Wyniki og\u0142osimy maksymalnie do 5 lutego 2022 roku.<\/p>\n<p>Regulamin konkursu znajdziecie <a href=\"https:\/\/fiber.pl\/olkusz\/wp-content\/uploads\/2022\/01\/Regulamin-Konkursu-Fiber-Ferie-jak-z-bajki-2022.pdf\">tutaj<\/a>.<\/p>\n<p>&nbsp;<\/p>\n<p>&nbsp;<\/p>\n","protected":false},"excerpt":{"rendered":"<p>KONKURS FIBER z limitowanymi prezentami od DISNEY! Pi\u0119kne gad\u017cety czekaj\u0105 na Wasze dzieciaki. Podzielcie si\u0119 z [&#8230;] <\/p>\n<div class=\"read-mode-box\"><a class=\"btn btn-default read-more\" href=\"https:\/\/fiber.pl\/olkusz\/ferie-jak-z-bajki-konkurs-fiber-i-disneya\/\">Czytaj wi\u0119cej<\/a><\/div>\n","protected":false},"author":5,"featured_media":1119,"comment_status":"closed","ping_status":"open","sticky":false,"template":"","format":"standard","meta":{"om_disable_all_campaigns":false,"_monsterinsights_skip_tracking":false,"_monsterinsights_sitenote_active":false,"_monsterinsights_sitenote_note":"","_monsterinsights_sitenote_category":0,"footnotes":""},"categories":[1],"tags":[],"class_list":["post-1114","post","type-post","status-publish","format-standard","has-post-thumbnail","hentry","category-aktualnosci"],"_links":{"self":[{"href":"https:\/\/fiber.pl\/olkusz\/wp-json\/wp\/v2\/posts\/1114","targetHints":{"allow":["GET"]}}],"collection":[{"href":"https:\/\/fiber.pl\/olkusz\/wp-json\/wp\/v2\/posts"}],"about":[{"href":"https:\/\/fiber.pl\/olkusz\/wp-json\/wp\/v2\/types\/post"}],"author":[{"embeddable":true,"href":"https:\/\/fiber.pl\/olkusz\/wp-json\/wp\/v2\/users\/5"}],"replies":[{"embeddable":true,"href":"https:\/\/fiber.pl\/olkusz\/wp-json\/wp\/v2\/comments?post=1114"}],"version-history":[{"count":2,"href":"https:\/\/fiber.pl\/olkusz\/wp-json\/wp\/v2\/posts\/1114\/revisions"}],"predecessor-version":[{"id":1121,"href":"https:\/\/fiber.pl\/olkusz\/wp-json\/wp\/v2\/posts\/1114\/revisions\/1121"}],"wp:featuredmedia":[{"embeddable":true,"href":"https:\/\/fiber.pl\/olkusz\/wp-json\/wp\/v2\/media\/1119"}],"wp:attachment":[{"href":"https:\/\/fiber.pl\/olkusz\/wp-json\/wp\/v2\/media?parent=1114"}],"wp:term":[{"taxonomy":"category","embeddable":true,"href":"https:\/\/fiber.pl\/olkusz\/wp-json\/wp\/v2\/categories?post=1114"},{"taxonomy":"post_tag","embeddable":true,"href":"https:\/\/fiber.pl\/olkusz\/wp-json\/wp\/v2\/tags?post=1114"}],"curies":[{"name":"wp","href":"https:\/\/api.w.org\/{rel}","templated":true}]}}