{"id":1400,"date":"2022-07-05T10:40:35","date_gmt":"2022-07-05T10:40:35","guid":{"rendered":"https:\/\/fiber.pl\/olkusz\/?p=1400"},"modified":"2022-07-05T10:40:35","modified_gmt":"2022-07-05T10:40:35","slug":"letni-festiwal-organowy-rowniez-online","status":"publish","type":"post","link":"https:\/\/fiber.pl\/olkusz\/letni-festiwal-organowy-rowniez-online\/","title":{"rendered":"Letni Festiwal Organowy r\u00f3wnie\u017c online"},"content":{"rendered":"<p>Kolejny ju\u017c Letni Festiwal Organowy &#8222;Organy Srebrnego Miasta 2022&#8221; b\u0119dzie mo\u017cna ogl\u0105da\u0107 online na ca\u0142ym \u015bwiecie. Dzi\u0119ki \u0142\u0105czu \u015bwiat\u0142owodowemu FIBER ka\u017cdy wielbiciel unikatowego na skal\u0119 \u015bwiata instrumentu muzycznego, jakim s\u0105 organy Hansa Hummla, b\u0119dzie m\u00f3g\u0142 s\u0142ucha\u0107 ich brzmienia dzi\u0119ki transmisji na \u017cywo <a href=\"https:\/\/www.facebook.com\/mokolkusz\" target=\"_blank\" rel=\"noopener\">na profilu na Facebooku Miejskiego O\u015brodka Kultury w Olkuszu.<\/a><\/p>\n<p>Wszystkich serdecznie zapraszamy w imieniu organizator\u00f3w do olkuskiej Bazyliki Mniejszej pw. \u015bw. Andrzeja Aposto\u0142a w Olkuszu na koncerty i inne wydarzenia towarzysz\u0105ce. Szczeg\u00f3\u0142y na plakacie.<\/p>\n<p>Partnerem technicznym wydarzenia jest Interkonekt, operator sieci \u015bwiat\u0142owodowej FIBER.<\/p>\n<p><img loading=\"lazy\" decoding=\"async\" class=\"alignnone  wp-image-1402\" src=\"https:\/\/fiber.pl\/olkusz\/wp-content\/uploads\/2022\/07\/fastiwal-organowy-2022.jpg\" alt=\"\" width=\"779\" height=\"1095\" srcset=\"https:\/\/fiber.pl\/olkusz\/wp-content\/uploads\/2022\/07\/fastiwal-organowy-2022.jpg 1457w, https:\/\/fiber.pl\/olkusz\/wp-content\/uploads\/2022\/07\/fastiwal-organowy-2022-213x300.jpg 213w, https:\/\/fiber.pl\/olkusz\/wp-content\/uploads\/2022\/07\/fastiwal-organowy-2022-729x1024.jpg 729w, https:\/\/fiber.pl\/olkusz\/wp-content\/uploads\/2022\/07\/fastiwal-organowy-2022-768x1080.jpg 768w, https:\/\/fiber.pl\/olkusz\/wp-content\/uploads\/2022\/07\/fastiwal-organowy-2022-1093x1536.jpg 1093w\" sizes=\"auto, (max-width: 779px) 100vw, 779px\" \/><\/p>\n<p>&nbsp;<\/p>\n<p>&nbsp;<\/p>\n","protected":false},"excerpt":{"rendered":"<p>Kolejny ju\u017c Letni Festiwal Organowy &#8222;Organy Srebrnego Miasta 2022&#8221; b\u0119dzie mo\u017cna ogl\u0105da\u0107 online na ca\u0142ym \u015bwiecie. [&#8230;] <\/p>\n<div class=\"read-mode-box\"><a class=\"btn btn-default read-more\" href=\"https:\/\/fiber.pl\/olkusz\/letni-festiwal-organowy-rowniez-online\/\">Czytaj wi\u0119cej<\/a><\/div>\n","protected":false},"author":5,"featured_media":1401,"comment_status":"closed","ping_status":"open","sticky":false,"template":"","format":"standard","meta":{"om_disable_all_campaigns":false,"_monsterinsights_skip_tracking":false,"_monsterinsights_sitenote_active":false,"_monsterinsights_sitenote_note":"","_monsterinsights_sitenote_category":0,"footnotes":""},"categories":[1],"tags":[],"class_list":["post-1400","post","type-post","status-publish","format-standard","has-post-thumbnail","hentry","category-aktualnosci"],"_links":{"self":[{"href":"https:\/\/fiber.pl\/olkusz\/wp-json\/wp\/v2\/posts\/1400","targetHints":{"allow":["GET"]}}],"collection":[{"href":"https:\/\/fiber.pl\/olkusz\/wp-json\/wp\/v2\/posts"}],"about":[{"href":"https:\/\/fiber.pl\/olkusz\/wp-json\/wp\/v2\/types\/post"}],"author":[{"embeddable":true,"href":"https:\/\/fiber.pl\/olkusz\/wp-json\/wp\/v2\/users\/5"}],"replies":[{"embeddable":true,"href":"https:\/\/fiber.pl\/olkusz\/wp-json\/wp\/v2\/comments?post=1400"}],"version-history":[{"count":1,"href":"https:\/\/fiber.pl\/olkusz\/wp-json\/wp\/v2\/posts\/1400\/revisions"}],"predecessor-version":[{"id":1403,"href":"https:\/\/fiber.pl\/olkusz\/wp-json\/wp\/v2\/posts\/1400\/revisions\/1403"}],"wp:featuredmedia":[{"embeddable":true,"href":"https:\/\/fiber.pl\/olkusz\/wp-json\/wp\/v2\/media\/1401"}],"wp:attachment":[{"href":"https:\/\/fiber.pl\/olkusz\/wp-json\/wp\/v2\/media?parent=1400"}],"wp:term":[{"taxonomy":"category","embeddable":true,"href":"https:\/\/fiber.pl\/olkusz\/wp-json\/wp\/v2\/categories?post=1400"},{"taxonomy":"post_tag","embeddable":true,"href":"https:\/\/fiber.pl\/olkusz\/wp-json\/wp\/v2\/tags?post=1400"}],"curies":[{"name":"wp","href":"https:\/\/api.w.org\/{rel}","templated":true}]}}