{"id":1532,"date":"2022-09-14T08:41:16","date_gmt":"2022-09-14T08:41:16","guid":{"rendered":"https:\/\/fiber.pl\/olkusz\/?p=1532"},"modified":"2023-02-27T12:54:52","modified_gmt":"2023-02-27T12:54:52","slug":"specjalista-ds-sprzedazy-uslug-telekomunikacyjnych","status":"publish","type":"post","link":"https:\/\/fiber.pl\/olkusz\/specjalista-ds-sprzedazy-uslug-telekomunikacyjnych\/","title":{"rendered":"Szukasz pracy?"},"content":{"rendered":"<p><strong>Szukasz pracy w bran\u017cy przysz\u0142o\u015bci? Lubisz kontakt z lud\u017ami? Potrzebujesz stabilnego zatrudnienia z dobrym wynagrodzeniem? Jako lokalny lider w bran\u017cy \u015bwiat\u0142owodowej dynamicznie si\u0119 rozwijamy i podnosimy jako\u015b\u0107 naszych us\u0142ug. Poszukujemy osoby, kt\u00f3ra b\u0119dzie chcia\u0142a do\u0142\u0105czy\u0107 do zespo\u0142u FIBER i razem z nami \u201e\u0141\u0105czy\u0107 ludzi z pr\u0119dko\u015bci\u0105 \u015bwiat\u0142a\u201d.<\/strong><\/p>\n<p>Aktualnie poszukujemy osoby na stanowisko: <strong>Specjalista do spraw sprzeda\u017cy us\u0142ug telekomunikacyjnych<\/strong><\/p>\n<p>Miejsce pracy: Wolbrom i Olkusz<\/p>\n<p><strong>Oferujemy:<\/strong><\/p>\n<ul>\n<li>prac\u0119 w m\u0142odym i zaanga\u017cowanym zespole FIBER,<\/li>\n<li>szkolenie wprowadzaj\u0105ce i szkolenia rozwijaj\u0105ce Tw\u00f3j potencja\u0142,<\/li>\n<li>stabilne zatrudnienie w oparciu o umow\u0119 o prac\u0119 lub inn\u0105 umow\u0119 cywilno-prawn\u0105 (w tym B2B), je\u015bli wolisz,<\/li>\n<li>prac\u0119 w biurze i w terenie,<\/li>\n<li>elastyczne godziny pracy,<\/li>\n<li>umow\u0119 na pe\u0142en etat,<\/li>\n<li>atrakcyjne wynagrodzenie,<\/li>\n<li>dodatkowo system premiowy.<\/li>\n<\/ul>\n<p><strong>Do Twoich obowi\u0105zk\u00f3w b\u0119d\u0105 nale\u017ca\u0142y:<\/strong><\/p>\n<ul>\n<li>bezpo\u015brednia obs\u0142uga naszych klient\u00f3w,<\/li>\n<li>obs\u0142uga klienta z wykorzystaniem nowych medi\u00f3w,<\/li>\n<li>wprowadzanie danych do systemu,<\/li>\n<li>analiza rynku i potrzeb klient\u00f3w,<\/li>\n<li>raportowanie wynik\u00f3w pracy.<\/li>\n<\/ul>\n<p><strong>Oczekujemy:<\/strong><\/p>\n<ul>\n<li>bardzo dobrej komunikacji z klientem,<\/li>\n<li>gotowo\u015bci do ci\u0105g\u0142ego rozwoju i zdobywania nowej wiedzy,<\/li>\n<li>dobrej organizacji czasu pracy,<\/li>\n<li>samodzielno\u015bci w realizacji powierzonych zada\u0144,<\/li>\n<li>bardzo dobrej znajomo\u015bci obs\u0142ugi komputera i urz\u0105dze\u0144 biurowych,<\/li>\n<li>znajomo\u015bci obs\u0142ugi system\u00f3w CRM.<\/li>\n<\/ul>\n<p><strong>Mile widziane:<\/strong><\/p>\n<ul>\n<li>znajomo\u015b\u0107 bran\u017cy telekomunikacyjnej,<\/li>\n<li>do\u015bwiadczenie na podobnym stanowisku.<\/li>\n<\/ul>\n<p><strong>Brzmi dobrze? Napisz do nas: <a href=\"praca@interkonekt.pl\">praca@interkonekt.pl<\/a>. Na Twoje zg\u0142oszenie czekamy do 30 wrze\u015bnia 2022 r.<\/strong><\/p>\n<div class=\"small\">Na podstawie art. 13 ust. 1 i 2 Rozporz\u0105dzenia Parlamentu Europejskiego i Rady (UE) 2016\/679 z dnia 27 kwietnia 2016 r. w sprawie ochrony os\u00f3b fizycznych w zwi\u0105zku z przetwarzaniem danych osobowych i w sprawie swobodnego przep\u0142ywu takich danych oraz uchylenia dyrektywy 95\/46\/WE (og\u00f3lne rozporz\u0105dzenie o ochronie danych) informujemy Pa\u0144stwa o zasadach przetwarzania danymi osobowymi pozyskanymi w trakcie procesu rekrutacji.<br \/>\nI. Administratorem danych osobowych jest sp\u00f3\u0142ka Interkonekt Pawe\u0142 Barczyk, Tomasz Furman sp\u00f3\u0142ka jawna z siedzib\u0105 w Wolbromiu, ul. M. Pi\u0142sudskiego 57a, 32-340 Wolbrom, e-mail: rodo@interkonekt.pl telefon: 32 706 50 00 II. Dane osobowe gromadzone podczas rekrutacji przetwarzane s\u0105 w celu przeprowadzenia procesu rekrutacyjnego, do czasu zako\u0144czenia procesu rekrutacji na okre\u015blone w og\u0142oszeniu stanowisko. Nie przechowujemy danych osobowych na poczet przysz\u0142ych rekrutacji.<br \/>\nIII. Maj\u0105 Pa\u0144stwo prawo dost\u0119pu do tre\u015bci swoich danych i ich sprostowania, usuni\u0119cia, ograniczenia przetwarzania, prawo do przenoszenia danych, prawo do wniesienia sprzeciwu wobec przetwarzania a tak\u017ce prawo do wniesienia skargi do Prezesa Urz\u0119du Ochrony Danych Osobowych.<br \/>\nIV. Dane osobowe kandydat\u00f3w nie b\u0119d\u0105 przekazywane podmiotom trzecim.<br \/>\nV. Pa\u0144stwa dane osobowe nie b\u0119d\u0105 przekazane poza Europejski Obszar Gospodarczy.<br \/>\nVI. Nie dokonujemy profilowania w procesie przetwarzania danymi osobowymi.<br \/>\nVII. Podanie danych w CV danych osobowych takich jak: imi\u0119 i nazwisko, data urodzenia, dane kontaktowe (telefon, adres e-mail), wykszta\u0142cenie, kwalifikacje zawodowe oraz przebieg dotychczasowego zatrudnienia jest dobrowolne, ale niezb\u0119dne w celu uczestnictwa w bie\u017c\u0105cym procesie rekrutacyjnym.<br \/>\nVIII. Podanie dodatkowych danych osobowych jest dobrowolne, ale wymaga wyra\u017anej Pa\u0144stwa zgody dlatego prosimy o zamieszczenie w CV klauzuli jak poni\u017cej:<br \/>\nWyra\u017cam zgod\u0119 na przetwarzanie moich danych osobowych zawartych w CV przez Interkonekt Pawe\u0142 Barczyk, Tomasz Furman sp\u00f3\u0142ka jawna z siedzib\u0105 w Wolbromiu, dla potrzeb niezb\u0119dnych do realizacji procesu rekrutacyjnego, zgodnie z przepisami Rozporz\u0105dzenia Parlamentu Europejskiego i Rady (UE) 2016\/679 z dnia 27 kwietnia 2016 roku w sprawie ochrony os\u00f3b fizycznych w zwi\u0105zku z przetwarzaniem danych osobowych i w sprawie swobodnego przep\u0142ywu takich danych oraz uchylenia dyrektywy 95\/46\/WE (RODO).<br \/>\nIX. Udzielona przez Pa\u0144stwa zgoda mo\u017ce zosta\u0107 cofni\u0119ta w ka\u017cdym czasie. Wycofanie zgody nie wp\u0142ywa na zgodno\u015b\u0107 z prawem przetwarzania, kt\u00f3rego dokonano na podstawie zgody przed jej wycofaniem.<\/div>\n","protected":false},"excerpt":{"rendered":"<p>Szukasz pracy w bran\u017cy przysz\u0142o\u015bci? Lubisz kontakt z lud\u017ami? Potrzebujesz stabilnego zatrudnienia z dobrym wynagrodzeniem? Jako [&#8230;] <\/p>\n<div class=\"read-mode-box\"><a class=\"btn btn-default read-more\" href=\"https:\/\/fiber.pl\/olkusz\/specjalista-ds-sprzedazy-uslug-telekomunikacyjnych\/\">Czytaj wi\u0119cej<\/a><\/div>\n","protected":false},"author":5,"featured_media":1533,"comment_status":"closed","ping_status":"open","sticky":false,"template":"","format":"standard","meta":{"om_disable_all_campaigns":false,"_monsterinsights_skip_tracking":false,"_monsterinsights_sitenote_active":false,"_monsterinsights_sitenote_note":"","_monsterinsights_sitenote_category":0,"footnotes":""},"categories":[1],"tags":[],"class_list":["post-1532","post","type-post","status-publish","format-standard","has-post-thumbnail","hentry","category-aktualnosci"],"_links":{"self":[{"href":"https:\/\/fiber.pl\/olkusz\/wp-json\/wp\/v2\/posts\/1532","targetHints":{"allow":["GET"]}}],"collection":[{"href":"https:\/\/fiber.pl\/olkusz\/wp-json\/wp\/v2\/posts"}],"about":[{"href":"https:\/\/fiber.pl\/olkusz\/wp-json\/wp\/v2\/types\/post"}],"author":[{"embeddable":true,"href":"https:\/\/fiber.pl\/olkusz\/wp-json\/wp\/v2\/users\/5"}],"replies":[{"embeddable":true,"href":"https:\/\/fiber.pl\/olkusz\/wp-json\/wp\/v2\/comments?post=1532"}],"version-history":[{"count":5,"href":"https:\/\/fiber.pl\/olkusz\/wp-json\/wp\/v2\/posts\/1532\/revisions"}],"predecessor-version":[{"id":1857,"href":"https:\/\/fiber.pl\/olkusz\/wp-json\/wp\/v2\/posts\/1532\/revisions\/1857"}],"wp:featuredmedia":[{"embeddable":true,"href":"https:\/\/fiber.pl\/olkusz\/wp-json\/wp\/v2\/media\/1533"}],"wp:attachment":[{"href":"https:\/\/fiber.pl\/olkusz\/wp-json\/wp\/v2\/media?parent=1532"}],"wp:term":[{"taxonomy":"category","embeddable":true,"href":"https:\/\/fiber.pl\/olkusz\/wp-json\/wp\/v2\/categories?post=1532"},{"taxonomy":"post_tag","embeddable":true,"href":"https:\/\/fiber.pl\/olkusz\/wp-json\/wp\/v2\/tags?post=1532"}],"curies":[{"name":"wp","href":"https:\/\/api.w.org\/{rel}","templated":true}]}}