{"id":1560,"date":"2022-10-04T10:30:15","date_gmt":"2022-10-04T10:30:15","guid":{"rendered":"https:\/\/fiber.pl\/olkusz\/?p=1560"},"modified":"2022-10-04T10:30:27","modified_gmt":"2022-10-04T10:30:27","slug":"olkuskie-organy-zabrzmia-tez-w-internecie","status":"publish","type":"post","link":"https:\/\/fiber.pl\/olkusz\/olkuskie-organy-zabrzmia-tez-w-internecie\/","title":{"rendered":"Olkuskie organy zabrzmi\u0105 te\u017c w internecie"},"content":{"rendered":"<p>Po raz kolejny wielbiciele muzyki klasycznej b\u0119d\u0105 mogli ogl\u0105da\u0107 transmisj\u0119 online z XXIII Mi\u0119dzynarodowych Olkuskich Dni Muzyki Organowej i Kameralnej, jaka odb\u0119dzie si\u0119 w Bazylice Mniejszej pw. \u015bw. Andrzeja Aposto\u0142a w Olkuszu. Dzi\u0119ki \u0142\u0105czu \u015bwiat\u0142owodowemu FIBER ka\u017cdy wielbiciel unikatowego na skal\u0119 \u015bwiata instrumentu muzycznego, jakim s\u0105 organy Hansa Hummla, b\u0119dzie m\u00f3g\u0142 s\u0142ucha\u0107 ich brzmienia w trakcie transmisji na \u017cywo <a href=\"https:\/\/www.facebook.com\/mokolkusz\" target=\"_blank\" rel=\"noopener\">na profilu na Facebooku Miejskiego O\u015brodka Kultury w Olkuszu.<\/a><\/p>\n<p>W imieniu w\u0142asnym i organizator\u00f3w zapraszamy serdecznie zar\u00f3wno na koncerty i wydarzenia towarzysz\u0105ce, jak r\u00f3wnie\u017c na transmisj\u0119 online. Szczeg\u00f3\u0142y na plakacie.<\/p>\n<p>Partnerem technicznym wydarzenia jest Interkonekt, operator sieci \u015bwiat\u0142owodowej FIBER.<\/p>\n<p><img loading=\"lazy\" decoding=\"async\" class=\"alignnone wp-image-1565 size-large\" src=\"https:\/\/fiber.pl\/olkusz\/wp-content\/uploads\/2022\/10\/DMO_2022_plakat-729x1024.jpg\" alt=\"\" width=\"640\" height=\"899\" srcset=\"https:\/\/fiber.pl\/olkusz\/wp-content\/uploads\/2022\/10\/DMO_2022_plakat-729x1024.jpg 729w, https:\/\/fiber.pl\/olkusz\/wp-content\/uploads\/2022\/10\/DMO_2022_plakat-214x300.jpg 214w, https:\/\/fiber.pl\/olkusz\/wp-content\/uploads\/2022\/10\/DMO_2022_plakat-768x1079.jpg 768w, https:\/\/fiber.pl\/olkusz\/wp-content\/uploads\/2022\/10\/DMO_2022_plakat-1093x1536.jpg 1093w, https:\/\/fiber.pl\/olkusz\/wp-content\/uploads\/2022\/10\/DMO_2022_plakat.jpg 1200w\" sizes=\"auto, (max-width: 640px) 100vw, 640px\" \/><\/p>\n<p>&nbsp;<\/p>\n<p>&nbsp;<\/p>\n","protected":false},"excerpt":{"rendered":"<p>Po raz kolejny wielbiciele muzyki klasycznej b\u0119d\u0105 mogli ogl\u0105da\u0107 transmisj\u0119 online z XXIII Mi\u0119dzynarodowych Olkuskich Dni [&#8230;] <\/p>\n<div class=\"read-mode-box\"><a class=\"btn btn-default read-more\" href=\"https:\/\/fiber.pl\/olkusz\/olkuskie-organy-zabrzmia-tez-w-internecie\/\">Czytaj wi\u0119cej<\/a><\/div>\n","protected":false},"author":5,"featured_media":1561,"comment_status":"closed","ping_status":"open","sticky":false,"template":"","format":"standard","meta":{"om_disable_all_campaigns":false,"_monsterinsights_skip_tracking":false,"_monsterinsights_sitenote_active":false,"_monsterinsights_sitenote_note":"","_monsterinsights_sitenote_category":0,"footnotes":""},"categories":[1],"tags":[],"class_list":["post-1560","post","type-post","status-publish","format-standard","has-post-thumbnail","hentry","category-aktualnosci"],"_links":{"self":[{"href":"https:\/\/fiber.pl\/olkusz\/wp-json\/wp\/v2\/posts\/1560","targetHints":{"allow":["GET"]}}],"collection":[{"href":"https:\/\/fiber.pl\/olkusz\/wp-json\/wp\/v2\/posts"}],"about":[{"href":"https:\/\/fiber.pl\/olkusz\/wp-json\/wp\/v2\/types\/post"}],"author":[{"embeddable":true,"href":"https:\/\/fiber.pl\/olkusz\/wp-json\/wp\/v2\/users\/5"}],"replies":[{"embeddable":true,"href":"https:\/\/fiber.pl\/olkusz\/wp-json\/wp\/v2\/comments?post=1560"}],"version-history":[{"count":3,"href":"https:\/\/fiber.pl\/olkusz\/wp-json\/wp\/v2\/posts\/1560\/revisions"}],"predecessor-version":[{"id":1567,"href":"https:\/\/fiber.pl\/olkusz\/wp-json\/wp\/v2\/posts\/1560\/revisions\/1567"}],"wp:featuredmedia":[{"embeddable":true,"href":"https:\/\/fiber.pl\/olkusz\/wp-json\/wp\/v2\/media\/1561"}],"wp:attachment":[{"href":"https:\/\/fiber.pl\/olkusz\/wp-json\/wp\/v2\/media?parent=1560"}],"wp:term":[{"taxonomy":"category","embeddable":true,"href":"https:\/\/fiber.pl\/olkusz\/wp-json\/wp\/v2\/categories?post=1560"},{"taxonomy":"post_tag","embeddable":true,"href":"https:\/\/fiber.pl\/olkusz\/wp-json\/wp\/v2\/tags?post=1560"}],"curies":[{"name":"wp","href":"https:\/\/api.w.org\/{rel}","templated":true}]}}