{"id":1572,"date":"2022-10-25T12:31:35","date_gmt":"2022-10-25T12:31:35","guid":{"rendered":"https:\/\/fiber.pl\/olkusz\/?p=1572"},"modified":"2022-10-27T12:44:20","modified_gmt":"2022-10-27T12:44:20","slug":"fiber-rozdaje-odblaski","status":"publish","type":"post","link":"https:\/\/fiber.pl\/olkusz\/fiber-rozdaje-odblaski\/","title":{"rendered":"FIBER rozdaje odblaski!"},"content":{"rendered":"<p><span class=\"JsGRdQ\">Od lat FIBER dba o bezpiecze\u0144stwo mieszka\u0144c\u00f3w powiatu olkuskiego rozdaj\u0105c za darmo tysi\u0105ce odblask\u00f3w. W tym roku akcja &#8222;B\u0105d\u017a widoczny, b\u0105d\u017a bezpieczny&#8221; jest wa\u017cniejsza ni\u017c kiedykolwiek wcze\u015bniej. Kiedy \u015bwiat\u0142a gasn\u0105, Tw\u00f3j odblask \u015bwieci!<\/span><\/p>\n<p class=\"_04xlpA direction-ltr align-justify para-style-body\"><span class=\"JsGRdQ\">Jak co roku, firma <\/span><span class=\"JsGRdQ\">INTERKONEKT<\/span><span class=\"JsGRdQ\">, operator sieci \u015bwiat\u0142owodowej <\/span><span class=\"JsGRdQ\">FIBER<\/span><span class=\"JsGRdQ\">, rozda mieszka\u0144com powiatu olkuskiego opaski odblaskowe w ramach akcji <\/span><span class=\"JsGRdQ\">&#8222;B\u0105d\u017a widoczny, b\u0105d\u017a bezpieczny&#8221;<\/span><span class=\"JsGRdQ\">. Zmiana czasu z letniego na zimowy, a tym samym szybciej zapadaj\u0105cy zmrok, to nie jedyny pow\u00f3d, dla kt\u00f3rego warto zaopatrzy\u0107 si\u0119 w odblaski. Oszcz\u0119dno\u015bci wymuszone przez podwy\u017cki pr\u0105du spowodowa\u0142y konieczno\u015b\u0107 ograniczenia \u015bwiate\u0142 ulicznych. Zadbaj o swoje bezpiecze\u0144stwo na drodze i no\u015b odblaski! Opask\u0119 <\/span><span class=\"JsGRdQ\">FIBER<\/span><span class=\"JsGRdQ\"> mo\u017cesz za\u0142o\u017cy\u0107 na rami\u0119 lub przyczepi\u0107 do dowolnej cz\u0119\u015bci garderoby tak, aby odbija\u0142a \u015bwiat\u0142a mijaj\u0105cych Ci\u0119 samochod\u00f3w. Opask\u0119 otrzymasz zupe\u0142nie za darmo w Biurach Obs\u0142ugi Klienta <\/span><span class=\"JsGRdQ\">FIBER<\/span><span class=\"JsGRdQ\"> w Olkuszu i Wolbromiu.<\/span><\/p>\n<p><img loading=\"lazy\" decoding=\"async\" class=\"alignnone wp-image-1079\" src=\"https:\/\/fiber.pl\/olkusz\/wp-content\/uploads\/2021\/10\/IMG_20210904_111736-300x225.jpg\" alt=\"\" width=\"276\" height=\"207\" srcset=\"https:\/\/fiber.pl\/olkusz\/wp-content\/uploads\/2021\/10\/IMG_20210904_111736-300x225.jpg 300w, https:\/\/fiber.pl\/olkusz\/wp-content\/uploads\/2021\/10\/IMG_20210904_111736-768x576.jpg 768w, https:\/\/fiber.pl\/olkusz\/wp-content\/uploads\/2021\/10\/IMG_20210904_111736.jpg 1000w\" sizes=\"auto, (max-width: 276px) 100vw, 276px\" \/> <img loading=\"lazy\" decoding=\"async\" class=\"alignnone wp-image-808\" src=\"https:\/\/fiber.pl\/olkusz\/wp-content\/uploads\/2020\/10\/odblask-300x225.jpg\" alt=\"\" width=\"275\" height=\"206\" srcset=\"https:\/\/fiber.pl\/olkusz\/wp-content\/uploads\/2020\/10\/odblask-300x225.jpg 300w, https:\/\/fiber.pl\/olkusz\/wp-content\/uploads\/2020\/10\/odblask-768x576.jpg 768w, https:\/\/fiber.pl\/olkusz\/wp-content\/uploads\/2020\/10\/odblask.jpg 960w\" sizes=\"auto, (max-width: 275px) 100vw, 275px\" \/><\/p>\n<p class=\"_04xlpA direction-ltr align-justify para-style-body\"><span class=\"JsGRdQ\">&#8211; Akcj\u0119 <\/span><span class=\"JsGRdQ\">\u201eB\u0105d\u017a widoczny, b\u0105d\u017a bezpieczny\u201d<\/span><span class=\"JsGRdQ\"> prowadzimy od prawie 10 lat. W tym czasie rozdali\u015bmy dziesi\u0105tki tysi\u0119cy odblask\u00f3w. Ogromne zainteresowanie odblaskami ka\u017cdego roku ogromnie nas cieszy i jako lokalna firma ch\u0119tnie anga\u017cujemy si\u0119 w dzia\u0142ania, kt\u00f3rych najwa\u017cniejsz\u0105 warto\u015bci\u0105 jest bezpiecze\u0144stwo mieszka\u0144c\u00f3w &#8211; m\u00f3wi\u0105 Pawe\u0142 Barczyk i Tomasz Furman, w\u0142a\u015bciciele firmy <\/span><span class=\"JsGRdQ\">INTERKONEKT<\/span><span class=\"JsGRdQ\">, operatora sieci interne<\/span><span class=\"JsGRdQ\">tu \u015bwiat\u0142owodowego <\/span><span class=\"JsGRdQ\">FIBER<\/span><span class=\"JsGRdQ\">.<\/span><\/p>\n<p class=\"_04xlpA direction-ltr align-justify para-style-body\"><img loading=\"lazy\" decoding=\"async\" class=\"alignnone wp-image-806\" src=\"https:\/\/fiber.pl\/olkusz\/wp-content\/uploads\/2020\/10\/12063384_1053471554672410_1633971154080193463_n-300x199.jpg\" alt=\"\" width=\"276\" height=\"183\" srcset=\"https:\/\/fiber.pl\/olkusz\/wp-content\/uploads\/2020\/10\/12063384_1053471554672410_1633971154080193463_n-300x199.jpg 300w, https:\/\/fiber.pl\/olkusz\/wp-content\/uploads\/2020\/10\/12063384_1053471554672410_1633971154080193463_n-768x510.jpg 768w, https:\/\/fiber.pl\/olkusz\/wp-content\/uploads\/2020\/10\/12063384_1053471554672410_1633971154080193463_n.jpg 960w\" sizes=\"auto, (max-width: 276px) 100vw, 276px\" \/><img loading=\"lazy\" decoding=\"async\" class=\"alignnone wp-image-805\" src=\"https:\/\/fiber.pl\/olkusz\/wp-content\/uploads\/2020\/10\/11167956_1051443734875192_6862511418723001350_n-300x199.jpg\" alt=\"\" width=\"279\" height=\"185\" srcset=\"https:\/\/fiber.pl\/olkusz\/wp-content\/uploads\/2020\/10\/11167956_1051443734875192_6862511418723001350_n-300x199.jpg 300w, https:\/\/fiber.pl\/olkusz\/wp-content\/uploads\/2020\/10\/11167956_1051443734875192_6862511418723001350_n-768x510.jpg 768w, https:\/\/fiber.pl\/olkusz\/wp-content\/uploads\/2020\/10\/11167956_1051443734875192_6862511418723001350_n.jpg 960w\" sizes=\"auto, (max-width: 279px) 100vw, 279px\" \/><\/p>\n<p class=\"_04xlpA direction-ltr align-justify para-style-body\"><span class=\"JsGRdQ\">Po<\/span><span class=\"JsGRdQ\"> odblaski zg\u0142asza\u0107 si\u0119 mog\u0105 nie tylko osoby prywatne, ale tak\u017ce szko\u0142y, przedszkola, instytucje kultury, kluby sportowe, organizacje zrzeszaj\u0105ce senior\u00f3w, itp.<\/span><\/p>\n<p><span class=\"JsGRdQ\">Za dzia\u0142ania na rzecz lokalnej spo\u0142eczno\u015bci firma INTERKONEKT zosta\u0142a trzykrotnie nagrodzona w og\u00f3lnopolskim konkursie Tele.Odpowiedzialni.<\/span><\/p>\n<p><img loading=\"lazy\" decoding=\"async\" class=\"alignnone wp-image-725\" src=\"https:\/\/fiber.pl\/olkusz\/wp-content\/uploads\/2020\/06\/Tele.Odpowiedzialni-ikona-wpisu-770x433-1-300x169.png\" alt=\"\" width=\"195\" height=\"110\" srcset=\"https:\/\/fiber.pl\/olkusz\/wp-content\/uploads\/2020\/06\/Tele.Odpowiedzialni-ikona-wpisu-770x433-1-300x169.png 300w, https:\/\/fiber.pl\/olkusz\/wp-content\/uploads\/2020\/06\/Tele.Odpowiedzialni-ikona-wpisu-770x433-1-768x432.png 768w, https:\/\/fiber.pl\/olkusz\/wp-content\/uploads\/2020\/06\/Tele.Odpowiedzialni-ikona-wpisu-770x433-1.png 770w\" sizes=\"auto, (max-width: 195px) 100vw, 195px\" \/><\/p>\n<p><strong><span class=\"JsGRdQ\">Tu odbierzesz <\/span><span class=\"JsGRdQ\">bezp\u0142atny odblask:<\/span><\/strong><\/p>\n<p class=\"_04xlpA direction-ltr align-start para-style-title\"><strong><span class=\"JsGRdQ\">Biuro Obs\u0142ugi Klienta FIBER<\/span><\/strong><\/p>\n<p class=\"_04xlpA direction-ltr align-start para-style-title\"><span class=\"JsGRdQ\"><strong>Wolbrom<\/strong>, Pi\u0142sudskiego 57a<\/span><\/p>\n<p class=\"_04xlpA direction-ltr align-start para-style-title\"><span class=\"JsGRdQ\">pon, \u015br, pt 9:00-17:00; wt, czw 9:00-16:00<\/span><\/p>\n<p>&nbsp;<\/p>\n<p class=\"_04xlpA direction-ltr align-start para-style-title\"><strong><span class=\"JsGRdQ\">Biuro Obs\u0142ugi Klienta FIBER<\/span><\/strong><\/p>\n<p class=\"_04xlpA direction-ltr align-start para-style-title\"><span class=\"JsGRdQ\"><strong>Olkusz<\/strong>, Ko\u015bciuszki 20<\/span><\/p>\n<p class=\"_04xlpA direction-ltr align-start para-style-title\"><span class=\"JsGRdQ\">pon, \u015br, pt 9:00-17:00; wt, czw 15:00-19:00<\/span><\/p>\n","protected":false},"excerpt":{"rendered":"<p>Od lat FIBER dba o bezpiecze\u0144stwo mieszka\u0144c\u00f3w powiatu olkuskiego rozdaj\u0105c za darmo tysi\u0105ce odblask\u00f3w. W tym [&#8230;] <\/p>\n<div class=\"read-mode-box\"><a class=\"btn btn-default read-more\" href=\"https:\/\/fiber.pl\/olkusz\/fiber-rozdaje-odblaski\/\">Czytaj wi\u0119cej<\/a><\/div>\n","protected":false},"author":5,"featured_media":1574,"comment_status":"closed","ping_status":"open","sticky":false,"template":"","format":"standard","meta":{"om_disable_all_campaigns":false,"_monsterinsights_skip_tracking":false,"_monsterinsights_sitenote_active":false,"_monsterinsights_sitenote_note":"","_monsterinsights_sitenote_category":0,"footnotes":""},"categories":[1],"tags":[],"class_list":["post-1572","post","type-post","status-publish","format-standard","has-post-thumbnail","hentry","category-aktualnosci"],"_links":{"self":[{"href":"https:\/\/fiber.pl\/olkusz\/wp-json\/wp\/v2\/posts\/1572","targetHints":{"allow":["GET"]}}],"collection":[{"href":"https:\/\/fiber.pl\/olkusz\/wp-json\/wp\/v2\/posts"}],"about":[{"href":"https:\/\/fiber.pl\/olkusz\/wp-json\/wp\/v2\/types\/post"}],"author":[{"embeddable":true,"href":"https:\/\/fiber.pl\/olkusz\/wp-json\/wp\/v2\/users\/5"}],"replies":[{"embeddable":true,"href":"https:\/\/fiber.pl\/olkusz\/wp-json\/wp\/v2\/comments?post=1572"}],"version-history":[{"count":2,"href":"https:\/\/fiber.pl\/olkusz\/wp-json\/wp\/v2\/posts\/1572\/revisions"}],"predecessor-version":[{"id":1576,"href":"https:\/\/fiber.pl\/olkusz\/wp-json\/wp\/v2\/posts\/1572\/revisions\/1576"}],"wp:featuredmedia":[{"embeddable":true,"href":"https:\/\/fiber.pl\/olkusz\/wp-json\/wp\/v2\/media\/1574"}],"wp:attachment":[{"href":"https:\/\/fiber.pl\/olkusz\/wp-json\/wp\/v2\/media?parent=1572"}],"wp:term":[{"taxonomy":"category","embeddable":true,"href":"https:\/\/fiber.pl\/olkusz\/wp-json\/wp\/v2\/categories?post=1572"},{"taxonomy":"post_tag","embeddable":true,"href":"https:\/\/fiber.pl\/olkusz\/wp-json\/wp\/v2\/tags?post=1572"}],"curies":[{"name":"wp","href":"https:\/\/api.w.org\/{rel}","templated":true}]}}