{"id":1592,"date":"2022-12-19T14:28:31","date_gmt":"2022-12-19T14:28:31","guid":{"rendered":"https:\/\/fiber.pl\/olkusz\/?p=1592"},"modified":"2022-12-19T14:28:31","modified_gmt":"2022-12-19T14:28:31","slug":"komunikat-dla-klientow-2","status":"publish","type":"post","link":"https:\/\/fiber.pl\/olkusz\/komunikat-dla-klientow-2\/","title":{"rendered":"Komunikat dla klient\u00f3w"},"content":{"rendered":"<p>Drodzy Klienci, w dniach 24 i 31 grudnia 2022 roku nasze Biura Obs\u0142ugi Klienta w Olkuszu i Wolbromiu b\u0119d\u0105 nieczynne. Zar\u00f3wno w Wigili\u0119, jak i w Sylwestra, b\u0119dziemy do Waszej dyspozycji za po\u015brednictwem infolinii <span class=\"JsGRdQ\">32 706 50 01<\/span> w godzinach od 9:00 do 14:00.<\/p>\n","protected":false},"excerpt":{"rendered":"<p>Drodzy Klienci, w dniach 24 i 31 grudnia 2022 roku nasze Biura Obs\u0142ugi Klienta w Olkuszu [&#8230;] <\/p>\n<div class=\"read-mode-box\"><a class=\"btn btn-default read-more\" href=\"https:\/\/fiber.pl\/olkusz\/komunikat-dla-klientow-2\/\">Czytaj wi\u0119cej<\/a><\/div>\n","protected":false},"author":5,"featured_media":1593,"comment_status":"closed","ping_status":"open","sticky":false,"template":"","format":"standard","meta":{"om_disable_all_campaigns":false,"_monsterinsights_skip_tracking":false,"_monsterinsights_sitenote_active":false,"_monsterinsights_sitenote_note":"","_monsterinsights_sitenote_category":0,"footnotes":""},"categories":[1],"tags":[],"class_list":["post-1592","post","type-post","status-publish","format-standard","has-post-thumbnail","hentry","category-aktualnosci"],"_links":{"self":[{"href":"https:\/\/fiber.pl\/olkusz\/wp-json\/wp\/v2\/posts\/1592","targetHints":{"allow":["GET"]}}],"collection":[{"href":"https:\/\/fiber.pl\/olkusz\/wp-json\/wp\/v2\/posts"}],"about":[{"href":"https:\/\/fiber.pl\/olkusz\/wp-json\/wp\/v2\/types\/post"}],"author":[{"embeddable":true,"href":"https:\/\/fiber.pl\/olkusz\/wp-json\/wp\/v2\/users\/5"}],"replies":[{"embeddable":true,"href":"https:\/\/fiber.pl\/olkusz\/wp-json\/wp\/v2\/comments?post=1592"}],"version-history":[{"count":1,"href":"https:\/\/fiber.pl\/olkusz\/wp-json\/wp\/v2\/posts\/1592\/revisions"}],"predecessor-version":[{"id":1594,"href":"https:\/\/fiber.pl\/olkusz\/wp-json\/wp\/v2\/posts\/1592\/revisions\/1594"}],"wp:featuredmedia":[{"embeddable":true,"href":"https:\/\/fiber.pl\/olkusz\/wp-json\/wp\/v2\/media\/1593"}],"wp:attachment":[{"href":"https:\/\/fiber.pl\/olkusz\/wp-json\/wp\/v2\/media?parent=1592"}],"wp:term":[{"taxonomy":"category","embeddable":true,"href":"https:\/\/fiber.pl\/olkusz\/wp-json\/wp\/v2\/categories?post=1592"},{"taxonomy":"post_tag","embeddable":true,"href":"https:\/\/fiber.pl\/olkusz\/wp-json\/wp\/v2\/tags?post=1592"}],"curies":[{"name":"wp","href":"https:\/\/api.w.org\/{rel}","templated":true}]}}