{"id":1595,"date":"2022-12-21T12:27:58","date_gmt":"2022-12-21T12:27:58","guid":{"rendered":"https:\/\/fiber.pl\/olkusz\/?p=1595"},"modified":"2023-02-24T14:03:23","modified_gmt":"2023-02-24T14:03:23","slug":"konkurs_we_dwoje","status":"publish","type":"post","link":"https:\/\/fiber.pl\/olkusz\/konkurs_we_dwoje\/","title":{"rendered":"Konkurs &#8222;Zimowe wieczory we dwoje&#8221;"},"content":{"rendered":"<p><strong>\u201eZimowe wieczory we dwoje\u201d to konkurs FIBER i ESKA TV, w kt\u00f3rym mo\u017cecie wygra\u0107 jeden z 5 zestaw\u00f3w idealnych na randk\u0119 pod kocykiem przed telewizorem!<\/strong><\/p>\n<p>&nbsp;<\/p>\n<p><strong>Zwyci\u0119zcom d\u0142ugie zimowe wieczory w domu we dwoje czas umil\u0105:<\/strong><\/p>\n<ul>\n<li><strong>Ciep\u0142e kocyki<\/strong>, pod kt\u00f3rymi zmie\u015bcicie si\u0119 oboje,<\/li>\n<li>Unikatowe<strong> zestawy piernik\u00f3w<\/strong> od producent\u00f3w programu \u201eCelebs Go Dating\u201d na ESKA TV \u2013 dla os\u0142ody wsp\u00f3lnych chwil,<\/li>\n<li><strong>Kalendarze FIBER<\/strong> na 2023 rok \u2013 \u017ceby\u015bcie nigdy nie zapomnieli o randce i wa\u017cnych datach.<\/li>\n<\/ul>\n<p>&nbsp;<\/p>\n<p><img loading=\"lazy\" decoding=\"async\" class=\"wp-image-1599 aligncenter\" src=\"https:\/\/fiber.pl\/olkusz\/wp-content\/uploads\/2022\/12\/konkurs-nagrody-300x188.jpg\" alt=\"\" width=\"616\" height=\"386\" srcset=\"https:\/\/fiber.pl\/olkusz\/wp-content\/uploads\/2022\/12\/konkurs-nagrody-300x188.jpg 300w, https:\/\/fiber.pl\/olkusz\/wp-content\/uploads\/2022\/12\/konkurs-nagrody-1024x640.jpg 1024w, https:\/\/fiber.pl\/olkusz\/wp-content\/uploads\/2022\/12\/konkurs-nagrody-768x480.jpg 768w, https:\/\/fiber.pl\/olkusz\/wp-content\/uploads\/2022\/12\/konkurs-nagrody-1536x960.jpg 1536w, https:\/\/fiber.pl\/olkusz\/wp-content\/uploads\/2022\/12\/konkurs-nagrody.jpg 1600w\" sizes=\"auto, (max-width: 616px) 100vw, 616px\" \/><\/p>\n<p>&nbsp;<\/p>\n<p><strong>Zadanie jest banalnie proste! W <a href=\"https:\/\/www.facebook.com\/interkonekt\/posts\/pfbid02QFVA4QTDAaqLsSDGEtxqifKm2iP3qY3bSYd3iMUq1NjRofe9kUhABpdkisii9DPml\" target=\"_blank\" rel=\"noopener\">komentarzu pod postem konkursowym na Facebooku FIBER<\/a> doko\u0144czcie zdanie: <\/strong>\u201eMoja najlepsza randka w \u017cyciu to\u2026\u201d. Komentarz mo\u017ce si\u0119 odnosi\u0107 do randki, kt\u00f3ra si\u0119 odby\u0142a lub opisywa\u0107, jak powinno wed\u0142ug Was wygl\u0105da\u0107 wymarzone spotkanie we dwoje.<\/p>\n<p>Dajcie si\u0119 ponie\u015b\u0107 fantazji! Na odpowiedzi czekamy dok\u0142adnie do ko\u0144ca roku, czyli do 31 grudnia 2022 do p\u00f3\u0142nocy!<\/p>\n<p><strong><a href=\"https:\/\/fiber.pl\/olkusz\/wp-content\/uploads\/2022\/12\/Regulamin-Konkursu-Zimowe-wieczory-we-dwoje-2022.odt.pdf\">Regulamin konkursu<\/a><br \/>\n<\/strong><\/p>\n<p><a href=\"https:\/\/www.eska.tv\/program\/celebs-go-dating-gwiazdy-ida-na-podryw\/\" target=\"_blank\" rel=\"noopener\">\u201eCelebs Go Dating. Gwiazdy id\u0105 na podryw\u201d<\/a> to nowy program ESKA TV, w kt\u00f3rym mo\u017cecie \u015bledzi\u0107, jak popularni celebryci szukaj\u0105 swojej drugiej po\u0142\u00f3wki. Premiery w \u015brody o 22:00, powt\u00f3rki program\u00f3w w pi\u0105tki o 22:00. Na ekranach Monika Miller, Sylwia Made\u0144ska, Zusje i Rafa\u0142 Jonkisz!<\/p>\n<p>Program ESKA TV jest dost\u0119pny we wszystkich pakietach <a href=\"https:\/\/fiber.pl\/olkusz\/telewizja\/\">telewizji \u015bwiat\u0142owodowej FIBER<\/a>!<\/p>\n<p><a href=\"https:\/\/www.eska.tv\/program\/celebs-go-dating-gwiazdy-ida-na-podryw\/\" target=\"_blank\" rel=\"noopener\"><img loading=\"lazy\" decoding=\"async\" class=\"wp-image-1598 aligncenter\" src=\"https:\/\/fiber.pl\/olkusz\/wp-content\/uploads\/2022\/12\/celebs-go-dating-300x300.jpg\" alt=\"\" width=\"602\" height=\"602\" srcset=\"https:\/\/fiber.pl\/olkusz\/wp-content\/uploads\/2022\/12\/celebs-go-dating-300x300.jpg 300w, https:\/\/fiber.pl\/olkusz\/wp-content\/uploads\/2022\/12\/celebs-go-dating-1024x1024.jpg 1024w, https:\/\/fiber.pl\/olkusz\/wp-content\/uploads\/2022\/12\/celebs-go-dating-150x150.jpg 150w, https:\/\/fiber.pl\/olkusz\/wp-content\/uploads\/2022\/12\/celebs-go-dating-768x768.jpg 768w, https:\/\/fiber.pl\/olkusz\/wp-content\/uploads\/2022\/12\/celebs-go-dating.jpg 1080w\" sizes=\"auto, (max-width: 602px) 100vw, 602px\" \/><\/a><\/p>\n<p><strong>\u00a0<\/strong><\/p>\n","protected":false},"excerpt":{"rendered":"<p>\u201eZimowe wieczory we dwoje\u201d to konkurs FIBER i ESKA TV, w kt\u00f3rym mo\u017cecie wygra\u0107 jeden z [&#8230;] <\/p>\n<div class=\"read-mode-box\"><a class=\"btn btn-default read-more\" href=\"https:\/\/fiber.pl\/olkusz\/konkurs_we_dwoje\/\">Czytaj wi\u0119cej<\/a><\/div>\n","protected":false},"author":5,"featured_media":1807,"comment_status":"closed","ping_status":"open","sticky":false,"template":"","format":"standard","meta":{"om_disable_all_campaigns":false,"_monsterinsights_skip_tracking":false,"_monsterinsights_sitenote_active":false,"_monsterinsights_sitenote_note":"","_monsterinsights_sitenote_category":0,"footnotes":""},"categories":[1],"tags":[],"class_list":["post-1595","post","type-post","status-publish","format-standard","has-post-thumbnail","hentry","category-aktualnosci"],"_links":{"self":[{"href":"https:\/\/fiber.pl\/olkusz\/wp-json\/wp\/v2\/posts\/1595","targetHints":{"allow":["GET"]}}],"collection":[{"href":"https:\/\/fiber.pl\/olkusz\/wp-json\/wp\/v2\/posts"}],"about":[{"href":"https:\/\/fiber.pl\/olkusz\/wp-json\/wp\/v2\/types\/post"}],"author":[{"embeddable":true,"href":"https:\/\/fiber.pl\/olkusz\/wp-json\/wp\/v2\/users\/5"}],"replies":[{"embeddable":true,"href":"https:\/\/fiber.pl\/olkusz\/wp-json\/wp\/v2\/comments?post=1595"}],"version-history":[{"count":6,"href":"https:\/\/fiber.pl\/olkusz\/wp-json\/wp\/v2\/posts\/1595\/revisions"}],"predecessor-version":[{"id":1605,"href":"https:\/\/fiber.pl\/olkusz\/wp-json\/wp\/v2\/posts\/1595\/revisions\/1605"}],"wp:featuredmedia":[{"embeddable":true,"href":"https:\/\/fiber.pl\/olkusz\/wp-json\/wp\/v2\/media\/1807"}],"wp:attachment":[{"href":"https:\/\/fiber.pl\/olkusz\/wp-json\/wp\/v2\/media?parent=1595"}],"wp:term":[{"taxonomy":"category","embeddable":true,"href":"https:\/\/fiber.pl\/olkusz\/wp-json\/wp\/v2\/categories?post=1595"},{"taxonomy":"post_tag","embeddable":true,"href":"https:\/\/fiber.pl\/olkusz\/wp-json\/wp\/v2\/tags?post=1595"}],"curies":[{"name":"wp","href":"https:\/\/api.w.org\/{rel}","templated":true}]}}