{"id":2159,"date":"2023-04-05T08:59:10","date_gmt":"2023-04-05T08:59:10","guid":{"rendered":"https:\/\/fiber.pl\/olkusz\/olkusz\/?p=1788"},"modified":"2023-09-04T15:06:44","modified_gmt":"2023-09-04T15:06:44","slug":"wesolych-swiat","status":"publish","type":"post","link":"https:\/\/fiber.pl\/olkusz\/wesolych-swiat\/","title":{"rendered":"Weso\u0142ych \u015awi\u0105t!"},"content":{"rendered":"<p>Wszystkim naszym Klientom i partnerom biznesowym \u017cyczymy pi\u0119knych, rodzinnych i spokojnych \u015awi\u0105t Wielkanocnych!<\/p>\n<p>Zesp\u00f3\u0142 FIBER<\/p>\n","protected":false},"excerpt":{"rendered":"<p>Wszystkim naszym Klientom i partnerom biznesowym \u017cyczymy pi\u0119knych, rodzinnych i spokojnych \u015awi\u0105t Wielkanocnych! Zesp\u00f3\u0142 FIBER<\/p>\n","protected":false},"author":5,"featured_media":2249,"comment_status":"closed","ping_status":"open","sticky":false,"template":"","format":"standard","meta":{"om_disable_all_campaigns":false,"_monsterinsights_skip_tracking":false,"_monsterinsights_sitenote_active":false,"_monsterinsights_sitenote_note":"","_monsterinsights_sitenote_category":0,"footnotes":""},"categories":[1],"tags":[],"class_list":["post-2159","post","type-post","status-publish","format-standard","has-post-thumbnail","hentry","category-aktualnosci"],"_links":{"self":[{"href":"https:\/\/fiber.pl\/olkusz\/wp-json\/wp\/v2\/posts\/2159","targetHints":{"allow":["GET"]}}],"collection":[{"href":"https:\/\/fiber.pl\/olkusz\/wp-json\/wp\/v2\/posts"}],"about":[{"href":"https:\/\/fiber.pl\/olkusz\/wp-json\/wp\/v2\/types\/post"}],"author":[{"embeddable":true,"href":"https:\/\/fiber.pl\/olkusz\/wp-json\/wp\/v2\/users\/5"}],"replies":[{"embeddable":true,"href":"https:\/\/fiber.pl\/olkusz\/wp-json\/wp\/v2\/comments?post=2159"}],"version-history":[{"count":1,"href":"https:\/\/fiber.pl\/olkusz\/wp-json\/wp\/v2\/posts\/2159\/revisions"}],"predecessor-version":[{"id":2253,"href":"https:\/\/fiber.pl\/olkusz\/wp-json\/wp\/v2\/posts\/2159\/revisions\/2253"}],"wp:featuredmedia":[{"embeddable":true,"href":"https:\/\/fiber.pl\/olkusz\/wp-json\/wp\/v2\/media\/2249"}],"wp:attachment":[{"href":"https:\/\/fiber.pl\/olkusz\/wp-json\/wp\/v2\/media?parent=2159"}],"wp:term":[{"taxonomy":"category","embeddable":true,"href":"https:\/\/fiber.pl\/olkusz\/wp-json\/wp\/v2\/categories?post=2159"},{"taxonomy":"post_tag","embeddable":true,"href":"https:\/\/fiber.pl\/olkusz\/wp-json\/wp\/v2\/tags?post=2159"}],"curies":[{"name":"wp","href":"https:\/\/api.w.org\/{rel}","templated":true}]}}