{"id":2160,"date":"2023-04-29T09:17:31","date_gmt":"2023-04-29T09:17:31","guid":{"rendered":"https:\/\/fiber.pl\/olkusz\/olkusz\/?p=1819"},"modified":"2023-09-07T13:37:35","modified_gmt":"2023-09-07T13:37:35","slug":"olkuszanie-na-rowery","status":"publish","type":"post","link":"https:\/\/fiber.pl\/olkusz\/olkuszanie-na-rowery\/","title":{"rendered":"Olkuszanie na rowery!"},"content":{"rendered":"<p>1 maja odb\u0119dzie si\u0119 kolejny Olkuski Rodzinny Rajd Rowerowy. Organizacj\u0119 imprezy wspiera FIBER, kt\u00f3ry tradycyjnie \u0142\u0105czy ludzi z pr\u0119dko\u015bci\u0105 \u015bwiat\u0142a! Udzia\u0142 potwierdzi\u0142o ju\u017c 200 os\u00f3b, ale je\u015bli kto\u015b jeszcze ma ochot\u0119 si\u0119 przy\u0142\u0105czy\u0107, do niedzieli 30 kwietnia mo\u017ce to zrobi\u0107! \u00a0Szczeg\u00f3\u0142y na stronie <a href=\"https:\/\/mosir.olkusz.pl\/2023\/04\/19\/olkuski-rodzinny-rajd-rowerowy\/\" target=\"_blank\" rel=\"noopener\">Miejskiego O\u015brodka Sportu i Rekreacji w Olkuszu<\/a>.<\/p>\n<p>Ulicami miasta zostanie wytyczona 10-kilometrowa trasa. Udzia\u0142 jest bezp\u0142atny, a opr\u00f3cz sportowych emocji przewidziany jest tak\u017ce pocz\u0119stunek z grilla i upominki, w\u015br\u00f3d kt\u00f3rych b\u0119d\u0105 te od FIBER!<\/p>\n<p>FIBER<br \/>\n\u0141\u0105czymy ludzi z pr\u0119dko\u015bci\u0105 \u015bwiat\u0142a<br \/>\nbok@interkonekt.pl<br \/>\n<span class=\"x1xsqp64 xiy17q3 x1o6pynw x19co3pv xdj266r xcwd3tp xat24cr x39eecv x2b8uid\" data-testid=\"emoji\"><span class=\"xexx8yu xn5pp95 x18d9i69 x2fxd7x x1yqt14a x1bhl96m\">\u260e<\/span><\/span> 32 7065001<br \/>\nBOK Olkusz, Ko\u015bciuszki 20<br \/>\nBOK Wolbrom, Pi\u0142sudskiego 57a<\/p>\n<p><img loading=\"lazy\" decoding=\"async\" src=\"https:\/\/fiber.pl\/olkusz\/wp-content\/uploads\/2023\/04\/rajd-mosir-majowka-722x1024-1.jpg\" alt=\"\" width=\"722\" height=\"1024\" class=\"alignnone size-full wp-image-2250\" srcset=\"https:\/\/fiber.pl\/olkusz\/wp-content\/uploads\/2023\/04\/rajd-mosir-majowka-722x1024-1.jpg 722w, https:\/\/fiber.pl\/olkusz\/wp-content\/uploads\/2023\/04\/rajd-mosir-majowka-722x1024-1-212x300.jpg 212w\" sizes=\"auto, (max-width: 722px) 100vw, 722px\" \/><\/p>\n","protected":false},"excerpt":{"rendered":"<p>1 maja odb\u0119dzie si\u0119 kolejny Olkuski Rodzinny Rajd Rowerowy. Organizacj\u0119 imprezy wspiera FIBER, kt\u00f3ry tradycyjnie \u0142\u0105czy [&#8230;] <\/p>\n<div class=\"read-mode-box\"><a class=\"btn btn-default read-more\" href=\"https:\/\/fiber.pl\/olkusz\/olkuszanie-na-rowery\/\">Czytaj wi\u0119cej<\/a><\/div>\n","protected":false},"author":5,"featured_media":2251,"comment_status":"closed","ping_status":"open","sticky":false,"template":"","format":"standard","meta":{"om_disable_all_campaigns":false,"_monsterinsights_skip_tracking":false,"_monsterinsights_sitenote_active":false,"_monsterinsights_sitenote_note":"","_monsterinsights_sitenote_category":0,"footnotes":""},"categories":[1],"tags":[],"class_list":["post-2160","post","type-post","status-publish","format-standard","has-post-thumbnail","hentry","category-aktualnosci"],"_links":{"self":[{"href":"https:\/\/fiber.pl\/olkusz\/wp-json\/wp\/v2\/posts\/2160","targetHints":{"allow":["GET"]}}],"collection":[{"href":"https:\/\/fiber.pl\/olkusz\/wp-json\/wp\/v2\/posts"}],"about":[{"href":"https:\/\/fiber.pl\/olkusz\/wp-json\/wp\/v2\/types\/post"}],"author":[{"embeddable":true,"href":"https:\/\/fiber.pl\/olkusz\/wp-json\/wp\/v2\/users\/5"}],"replies":[{"embeddable":true,"href":"https:\/\/fiber.pl\/olkusz\/wp-json\/wp\/v2\/comments?post=2160"}],"version-history":[{"count":2,"href":"https:\/\/fiber.pl\/olkusz\/wp-json\/wp\/v2\/posts\/2160\/revisions"}],"predecessor-version":[{"id":2265,"href":"https:\/\/fiber.pl\/olkusz\/wp-json\/wp\/v2\/posts\/2160\/revisions\/2265"}],"wp:featuredmedia":[{"embeddable":true,"href":"https:\/\/fiber.pl\/olkusz\/wp-json\/wp\/v2\/media\/2251"}],"wp:attachment":[{"href":"https:\/\/fiber.pl\/olkusz\/wp-json\/wp\/v2\/media?parent=2160"}],"wp:term":[{"taxonomy":"category","embeddable":true,"href":"https:\/\/fiber.pl\/olkusz\/wp-json\/wp\/v2\/categories?post=2160"},{"taxonomy":"post_tag","embeddable":true,"href":"https:\/\/fiber.pl\/olkusz\/wp-json\/wp\/v2\/tags?post=2160"}],"curies":[{"name":"wp","href":"https:\/\/api.w.org\/{rel}","templated":true}]}}