{"id":2161,"date":"2023-05-23T13:34:19","date_gmt":"2023-05-23T13:34:19","guid":{"rendered":"https:\/\/fiber.pl\/olkusz\/olkusz\/?p=1828"},"modified":"2023-09-04T15:04:21","modified_gmt":"2023-09-04T15:04:21","slug":"zobaczymy-sie-na-dniach-olkusza","status":"publish","type":"post","link":"https:\/\/fiber.pl\/olkusz\/zobaczymy-sie-na-dniach-olkusza\/","title":{"rendered":"Zobaczymy si\u0119 na Dniach Olkusza!"},"content":{"rendered":"<p><img loading=\"lazy\" decoding=\"async\" src=\"https:\/\/fiber.pl\/olkusz\/wp-content\/uploads\/2023\/05\/dni-olkusza-na-strone.jpg\" alt=\"\" width=\"1400\" height=\"875\" class=\"alignnone size-full wp-image-2247\" srcset=\"https:\/\/fiber.pl\/olkusz\/wp-content\/uploads\/2023\/05\/dni-olkusza-na-strone.jpg 1400w, https:\/\/fiber.pl\/olkusz\/wp-content\/uploads\/2023\/05\/dni-olkusza-na-strone-300x188.jpg 300w, https:\/\/fiber.pl\/olkusz\/wp-content\/uploads\/2023\/05\/dni-olkusza-na-strone-1024x640.jpg 1024w, https:\/\/fiber.pl\/olkusz\/wp-content\/uploads\/2023\/05\/dni-olkusza-na-strone-768x480.jpg 768w\" sizes=\"auto, (max-width: 1400px) 100vw, 1400px\" \/>Ju\u017c po raz kolejny spotkamy si\u0119 z wami podczas \u015awi\u0119ta Srebra Dni Olkusza! Jako sponsor posi\u0142kowy ju\u017c dzisiaj serdecznie Was zapraszamy do naszego fioletowego namiotu! Koniecznie nas \u015bled\u017acie, poniewa\u017c szykujemy dla Was mn\u00f3stwo niespodzianek!<\/p>\n<p>&nbsp;<\/p>\n<p><img loading=\"lazy\" decoding=\"async\" src=\"https:\/\/fiber.pl\/olkusz\/wp-content\/uploads\/2023\/06\/plakat_dni_olkusza_2023-724x1024-1.jpg\" alt=\"\" width=\"724\" height=\"1024\" class=\"alignnone size-full wp-image-2244\" srcset=\"https:\/\/fiber.pl\/olkusz\/wp-content\/uploads\/2023\/06\/plakat_dni_olkusza_2023-724x1024-1.jpg 724w, https:\/\/fiber.pl\/olkusz\/wp-content\/uploads\/2023\/06\/plakat_dni_olkusza_2023-724x1024-1-212x300.jpg 212w\" sizes=\"auto, (max-width: 724px) 100vw, 724px\" \/><\/p>\n","protected":false},"excerpt":{"rendered":"<p>Ju\u017c po raz kolejny spotkamy si\u0119 z wami podczas \u015awi\u0119ta Srebra Dni Olkusza! Jako sponsor posi\u0142kowy [&#8230;] <\/p>\n<div class=\"read-mode-box\"><a class=\"btn btn-default read-more\" href=\"https:\/\/fiber.pl\/olkusz\/zobaczymy-sie-na-dniach-olkusza\/\">Czytaj wi\u0119cej<\/a><\/div>\n","protected":false},"author":5,"featured_media":0,"comment_status":"closed","ping_status":"open","sticky":false,"template":"","format":"standard","meta":{"om_disable_all_campaigns":false,"_monsterinsights_skip_tracking":false,"_monsterinsights_sitenote_active":false,"_monsterinsights_sitenote_note":"","_monsterinsights_sitenote_category":0,"footnotes":""},"categories":[1],"tags":[],"class_list":["post-2161","post","type-post","status-publish","format-standard","hentry","category-aktualnosci"],"_links":{"self":[{"href":"https:\/\/fiber.pl\/olkusz\/wp-json\/wp\/v2\/posts\/2161","targetHints":{"allow":["GET"]}}],"collection":[{"href":"https:\/\/fiber.pl\/olkusz\/wp-json\/wp\/v2\/posts"}],"about":[{"href":"https:\/\/fiber.pl\/olkusz\/wp-json\/wp\/v2\/types\/post"}],"author":[{"embeddable":true,"href":"https:\/\/fiber.pl\/olkusz\/wp-json\/wp\/v2\/users\/5"}],"replies":[{"embeddable":true,"href":"https:\/\/fiber.pl\/olkusz\/wp-json\/wp\/v2\/comments?post=2161"}],"version-history":[{"count":1,"href":"https:\/\/fiber.pl\/olkusz\/wp-json\/wp\/v2\/posts\/2161\/revisions"}],"predecessor-version":[{"id":2248,"href":"https:\/\/fiber.pl\/olkusz\/wp-json\/wp\/v2\/posts\/2161\/revisions\/2248"}],"wp:attachment":[{"href":"https:\/\/fiber.pl\/olkusz\/wp-json\/wp\/v2\/media?parent=2161"}],"wp:term":[{"taxonomy":"category","embeddable":true,"href":"https:\/\/fiber.pl\/olkusz\/wp-json\/wp\/v2\/categories?post=2161"},{"taxonomy":"post_tag","embeddable":true,"href":"https:\/\/fiber.pl\/olkusz\/wp-json\/wp\/v2\/tags?post=2161"}],"curies":[{"name":"wp","href":"https:\/\/api.w.org\/{rel}","templated":true}]}}