{"id":2162,"date":"2023-06-02T16:02:03","date_gmt":"2023-06-02T16:02:03","guid":{"rendered":"https:\/\/fiber.pl\/olkusz\/olkusz\/?p=1833"},"modified":"2023-09-07T13:36:43","modified_gmt":"2023-09-07T13:36:43","slug":"fiber-w-dni-olkusza-2023","status":"publish","type":"post","link":"https:\/\/fiber.pl\/olkusz\/fiber-w-dni-olkusza-2023\/","title":{"rendered":"FIBER w Dni Olkusza 2023!"},"content":{"rendered":"<p>Odwied\u017a namiot FIBER podczas Dni Olkusza 2023! Odbierz firmowy gad\u017cet i limitowan\u0105 ofert\u0119: nawet 6 MIESI\u0118CY INTERNETU \u015aWIAT\u0141OWODOWEGO W PREZENCIE! Jeste\u015bmy z Wami co roku na najwi\u0119kszej imprezie w Olkuszu, wi\u0119c i teraz nie mo\u017ce zabrakn\u0105\u0107:<\/p>\n<ul>\n<li>limitowanych ofert na us\u0142ugi \u015bwiat\u0142owodowe FIBER<\/li>\n<li>pakiet\u00f3w dla senior\u00f3w w super cenie<\/li>\n<li>niespodzianek dla najm\u0142odszych<\/li>\n<li>prezent\u00f3w firmowych dla ka\u017cdego, kto nas odwiedzi!<\/li>\n<\/ul>\n<p>Oferty specjalne s\u0105 ograniczone czasowo i terytorialnie. O szczeg\u00f3\u0142y pytaj nasze asystentki klienta FIBER w fioletowym namiocie na Rynku w Olkuszu w dniach 3-4 czerwca! Do zobaczenia na \u015awi\u0119cie Srebra &#8211; Dniach Olkusza 2023!<\/p>\n<p>FIBER<br \/>\n\u0141\u0105czymy ludzi z pr\u0119dko\u015bci\u0105 \u015bwiat\u0142a ????<br \/>\nbok@interkonekt.pl<br \/>\n\u260e 32 7065001<br \/>\nBOK Olkusz, Ko\u015bciuszki 20<br \/>\nBOK Wolbrom, Pi\u0142sudskiego 57a<\/p>\n<p>&nbsp;<\/p>\n<p><img loading=\"lazy\" decoding=\"async\" src=\"https:\/\/fiber.pl\/olkusz\/wp-content\/uploads\/2023\/06\/plakat_dni_olkusza_2023-724x1024-1.jpg\" alt=\"\" width=\"724\" height=\"1024\" class=\"alignnone size-full wp-image-2244\" srcset=\"https:\/\/fiber.pl\/olkusz\/wp-content\/uploads\/2023\/06\/plakat_dni_olkusza_2023-724x1024-1.jpg 724w, https:\/\/fiber.pl\/olkusz\/wp-content\/uploads\/2023\/06\/plakat_dni_olkusza_2023-724x1024-1-212x300.jpg 212w\" sizes=\"auto, (max-width: 724px) 100vw, 724px\" \/><\/p>\n","protected":false},"excerpt":{"rendered":"<p>Odwied\u017a namiot FIBER podczas Dni Olkusza 2023! Odbierz firmowy gad\u017cet i limitowan\u0105 ofert\u0119: nawet 6 MIESI\u0118CY [&#8230;] <\/p>\n<div class=\"read-mode-box\"><a class=\"btn btn-default read-more\" href=\"https:\/\/fiber.pl\/olkusz\/fiber-w-dni-olkusza-2023\/\">Czytaj wi\u0119cej<\/a><\/div>\n","protected":false},"author":5,"featured_media":2245,"comment_status":"closed","ping_status":"open","sticky":false,"template":"","format":"standard","meta":{"om_disable_all_campaigns":false,"_monsterinsights_skip_tracking":false,"_monsterinsights_sitenote_active":false,"_monsterinsights_sitenote_note":"","_monsterinsights_sitenote_category":0,"footnotes":""},"categories":[1],"tags":[],"class_list":["post-2162","post","type-post","status-publish","format-standard","has-post-thumbnail","hentry","category-aktualnosci"],"_links":{"self":[{"href":"https:\/\/fiber.pl\/olkusz\/wp-json\/wp\/v2\/posts\/2162","targetHints":{"allow":["GET"]}}],"collection":[{"href":"https:\/\/fiber.pl\/olkusz\/wp-json\/wp\/v2\/posts"}],"about":[{"href":"https:\/\/fiber.pl\/olkusz\/wp-json\/wp\/v2\/types\/post"}],"author":[{"embeddable":true,"href":"https:\/\/fiber.pl\/olkusz\/wp-json\/wp\/v2\/users\/5"}],"replies":[{"embeddable":true,"href":"https:\/\/fiber.pl\/olkusz\/wp-json\/wp\/v2\/comments?post=2162"}],"version-history":[{"count":3,"href":"https:\/\/fiber.pl\/olkusz\/wp-json\/wp\/v2\/posts\/2162\/revisions"}],"predecessor-version":[{"id":2264,"href":"https:\/\/fiber.pl\/olkusz\/wp-json\/wp\/v2\/posts\/2162\/revisions\/2264"}],"wp:featuredmedia":[{"embeddable":true,"href":"https:\/\/fiber.pl\/olkusz\/wp-json\/wp\/v2\/media\/2245"}],"wp:attachment":[{"href":"https:\/\/fiber.pl\/olkusz\/wp-json\/wp\/v2\/media?parent=2162"}],"wp:term":[{"taxonomy":"category","embeddable":true,"href":"https:\/\/fiber.pl\/olkusz\/wp-json\/wp\/v2\/categories?post=2162"},{"taxonomy":"post_tag","embeddable":true,"href":"https:\/\/fiber.pl\/olkusz\/wp-json\/wp\/v2\/tags?post=2162"}],"curies":[{"name":"wp","href":"https:\/\/api.w.org\/{rel}","templated":true}]}}