{"id":2163,"date":"2023-06-07T18:20:43","date_gmt":"2023-06-07T18:20:43","guid":{"rendered":"https:\/\/fiber.pl\/olkusz\/olkusz\/?p=1839"},"modified":"2023-09-07T13:35:13","modified_gmt":"2023-09-07T13:35:13","slug":"wzmocnij-wifi","status":"publish","type":"post","link":"https:\/\/fiber.pl\/olkusz\/wzmocnij-wifi\/","title":{"rendered":"Wzmocnij swoje WiFi! [OKAZJA]"},"content":{"rendered":"<p>Masz do\u015b\u0107 s\u0142abego internetu, kt\u00f3ry roz\u0142\u0105cza si\u0119 w najmniej oczekiwanym momencie? PRZE\u0141\u0104CZ SI\u0118 NA \u015aWIAT\u0141OW\u00d3D FIBER i \u015bmigaj bez ogranicze\u0144 z 2-ZAKRESOWYM ROUTEREM WiFi! Bez wzgl\u0119du na to, czy grillujesz w ogrodzie, czy pracujesz w salonie \u2013 Tw\u00f3j internet FIBER b\u0119dzie tam, gdzie Ty!<\/p>\n<p><strong>Zg\u0142o\u015b si\u0119 do nas do ko\u0144ca czerwca<\/strong> u\u017cywaj\u0105c <a href=\"https:\/\/fiber.pl\/olkusz\/olkusz\/zglos-przylacze\/\">formularza kontaktowego<\/a>\u00a0 lub pisz\u0105c maila na adres bok@interkonekt.pl z has\u0142em <strong>#mocnewifi<\/strong>. Skontaktujemy si\u0119 z Tob\u0105 i przedstawimy Ci ofert\u0119 dopasowan\u0105 do Twoich potrzeb. Podpisuj\u0105c umow\u0119 w czerwcu mo\u017cesz dobra\u0107 <strong>nowoczesny dwuzakresowy router za jedyne 99 z\u0142<\/strong>!<\/p>\n<p>Pami\u0119taj, \u017ce FIBER to tak\u017ce <a href=\"https:\/\/fiber.pl\/olkusz\/olkusz\/telewizja\/\">telewizja \u015bwiat\u0142owodowa<\/a>! Du\u017cy wyb\u00f3r kana\u0142\u00f3w w najlepszej jako\u015bci bez wzgl\u0119du na pogod\u0119! Op\u0142aca si\u0119 by\u0107 w FIBER!<\/p>\n<p>FIBER<br \/>\n\u0141\u0105czymy ludzi z pr\u0119dko\u015bci\u0105 \u015bwiat\u0142a<br \/>\nbok@interkonekt.pl<br \/>\n\u260e 32 7065001<br \/>\nBOK Olkusz, Ko\u015bciuszki 20<br \/>\nBOK Wolbrom, Pi\u0142sudskiego 57a<\/p>\n<p>&nbsp;<\/p>\n<p><img loading=\"lazy\" decoding=\"async\" src=\"https:\/\/fiber.pl\/olkusz\/wp-content\/uploads\/2023\/06\/kampania-router-baner-1024x422-1.png\" alt=\"\" width=\"1024\" height=\"422\" class=\"alignnone size-full wp-image-2241\" srcset=\"https:\/\/fiber.pl\/olkusz\/wp-content\/uploads\/2023\/06\/kampania-router-baner-1024x422-1.png 1024w, https:\/\/fiber.pl\/olkusz\/wp-content\/uploads\/2023\/06\/kampania-router-baner-1024x422-1-300x124.png 300w, https:\/\/fiber.pl\/olkusz\/wp-content\/uploads\/2023\/06\/kampania-router-baner-1024x422-1-768x317.png 768w\" sizes=\"auto, (max-width: 1024px) 100vw, 1024px\" \/><\/p>\n","protected":false},"excerpt":{"rendered":"<p>Masz do\u015b\u0107 s\u0142abego internetu, kt\u00f3ry roz\u0142\u0105cza si\u0119 w najmniej oczekiwanym momencie? PRZE\u0141\u0104CZ SI\u0118 NA \u015aWIAT\u0141OW\u00d3D FIBER [&#8230;] <\/p>\n<div class=\"read-mode-box\"><a class=\"btn btn-default read-more\" href=\"https:\/\/fiber.pl\/olkusz\/wzmocnij-wifi\/\">Czytaj wi\u0119cej<\/a><\/div>\n","protected":false},"author":5,"featured_media":2242,"comment_status":"closed","ping_status":"open","sticky":false,"template":"","format":"standard","meta":{"om_disable_all_campaigns":false,"_monsterinsights_skip_tracking":false,"_monsterinsights_sitenote_active":false,"_monsterinsights_sitenote_note":"","_monsterinsights_sitenote_category":0,"footnotes":""},"categories":[1],"tags":[],"class_list":["post-2163","post","type-post","status-publish","format-standard","has-post-thumbnail","hentry","category-aktualnosci"],"_links":{"self":[{"href":"https:\/\/fiber.pl\/olkusz\/wp-json\/wp\/v2\/posts\/2163","targetHints":{"allow":["GET"]}}],"collection":[{"href":"https:\/\/fiber.pl\/olkusz\/wp-json\/wp\/v2\/posts"}],"about":[{"href":"https:\/\/fiber.pl\/olkusz\/wp-json\/wp\/v2\/types\/post"}],"author":[{"embeddable":true,"href":"https:\/\/fiber.pl\/olkusz\/wp-json\/wp\/v2\/users\/5"}],"replies":[{"embeddable":true,"href":"https:\/\/fiber.pl\/olkusz\/wp-json\/wp\/v2\/comments?post=2163"}],"version-history":[{"count":3,"href":"https:\/\/fiber.pl\/olkusz\/wp-json\/wp\/v2\/posts\/2163\/revisions"}],"predecessor-version":[{"id":2262,"href":"https:\/\/fiber.pl\/olkusz\/wp-json\/wp\/v2\/posts\/2163\/revisions\/2262"}],"wp:featuredmedia":[{"embeddable":true,"href":"https:\/\/fiber.pl\/olkusz\/wp-json\/wp\/v2\/media\/2242"}],"wp:attachment":[{"href":"https:\/\/fiber.pl\/olkusz\/wp-json\/wp\/v2\/media?parent=2163"}],"wp:term":[{"taxonomy":"category","embeddable":true,"href":"https:\/\/fiber.pl\/olkusz\/wp-json\/wp\/v2\/categories?post=2163"},{"taxonomy":"post_tag","embeddable":true,"href":"https:\/\/fiber.pl\/olkusz\/wp-json\/wp\/v2\/tags?post=2163"}],"curies":[{"name":"wp","href":"https:\/\/api.w.org\/{rel}","templated":true}]}}