{"id":596,"date":"2020-03-23T16:54:55","date_gmt":"2020-03-23T16:54:55","guid":{"rendered":"https:\/\/fiber.pl\/olkusz\/?p=596"},"modified":"2020-05-04T14:53:01","modified_gmt":"2020-05-04T14:53:01","slug":"niezbednik-techniczny-klienta-fiber","status":"publish","type":"post","link":"https:\/\/fiber.pl\/olkusz\/niezbednik-techniczny-klienta-fiber\/","title":{"rendered":"Niezb\u0119dnik Techniczny Klienta"},"content":{"rendered":"<p>W trosce o zdrowie i bezpiecze\u0144stwo naszych Klient\u00f3w oraz Pracownik\u00f3w podj\u0119li\u015bmy decyzj\u0119 o chwilowym ograniczeniu bezpo\u015brednich kontakt\u00f3w, co oznacza r\u00f3wnie\u017c wstrzymanie czynno\u015bci serwisowych w domach i mieszkaniach naszych Klient\u00f3w. Aby maksymalnie zniwelowa\u0107 wszelkie niedogodno\u015bci, b\u0119dziemy sukcesywnie przygotowywa\u0107 dla Was mini poradniki &#8222;Zr\u00f3b to sam z pomoc\u0105 FIBER&#8221;. Dzi\u0119ki nim i wsparciu on-line naszych technik\u00f3w oraz pracownik\u00f3w Biura Obs\u0142ugi Klienta KROK PO KROKU poradzicie sobie z podstawowymi konfiguracjami i wymian\u0105 sprz\u0119tu.<\/p>\n<p><a href=\"https:\/\/fiber.pl\/olkusz\/wp-content\/uploads\/2020\/04\/Instrukcja-wymiany-v2-min.pdf\">Wymiana terminalu<\/a><\/p>\n<p><a href=\"https:\/\/fiber.pl\/olkusz\/wp-content\/uploads\/2020\/04\/Instrukcja-wymiany-v2-min.pdf\">Wymiana patchcorda<\/a><\/p>\n<p><a href=\"https:\/\/fiber.pl\/olkusz\/wp-content\/uploads\/2020\/04\/Instrukcja-wymiany-v2-min.pdf\">Wymiana zasilacza w terminalu<\/a><\/p>\n<p><a href=\"https:\/\/fiber.pl\/olkusz\/wp-content\/uploads\/2020\/05\/Instrukcja-\u015bwiat\u0142ow\u00f3d-serwis.pdf\">Instalacja \u015bwiat\u0142owodu przez serwis<\/a><\/p>\n<p><a href=\"https:\/\/fiber.pl\/olkusz\/wp-content\/uploads\/2020\/05\/Instrukcja-\u015bwiat\u0142ow\u00f3d-min.pdf\">Samodzielna instalacja \u015bwiat\u0142owodu w domu i mieszkaniu<\/a><\/p>\n<p>&nbsp;<\/p>\n","protected":false},"excerpt":{"rendered":"<p>W trosce o zdrowie i bezpiecze\u0144stwo naszych Klient\u00f3w oraz Pracownik\u00f3w podj\u0119li\u015bmy decyzj\u0119 o chwilowym ograniczeniu bezpo\u015brednich [&#8230;] <\/p>\n<div class=\"read-mode-box\"><a class=\"btn btn-default read-more\" href=\"https:\/\/fiber.pl\/olkusz\/niezbednik-techniczny-klienta-fiber\/\">Czytaj wi\u0119cej<\/a><\/div>\n","protected":false},"author":5,"featured_media":597,"comment_status":"closed","ping_status":"open","sticky":false,"template":"","format":"standard","meta":{"om_disable_all_campaigns":false,"_monsterinsights_skip_tracking":false,"_monsterinsights_sitenote_active":false,"_monsterinsights_sitenote_note":"","_monsterinsights_sitenote_category":0,"footnotes":""},"categories":[1],"tags":[],"class_list":["post-596","post","type-post","status-publish","format-standard","has-post-thumbnail","hentry","category-aktualnosci"],"_links":{"self":[{"href":"https:\/\/fiber.pl\/olkusz\/wp-json\/wp\/v2\/posts\/596","targetHints":{"allow":["GET"]}}],"collection":[{"href":"https:\/\/fiber.pl\/olkusz\/wp-json\/wp\/v2\/posts"}],"about":[{"href":"https:\/\/fiber.pl\/olkusz\/wp-json\/wp\/v2\/types\/post"}],"author":[{"embeddable":true,"href":"https:\/\/fiber.pl\/olkusz\/wp-json\/wp\/v2\/users\/5"}],"replies":[{"embeddable":true,"href":"https:\/\/fiber.pl\/olkusz\/wp-json\/wp\/v2\/comments?post=596"}],"version-history":[{"count":7,"href":"https:\/\/fiber.pl\/olkusz\/wp-json\/wp\/v2\/posts\/596\/revisions"}],"predecessor-version":[{"id":704,"href":"https:\/\/fiber.pl\/olkusz\/wp-json\/wp\/v2\/posts\/596\/revisions\/704"}],"wp:featuredmedia":[{"embeddable":true,"href":"https:\/\/fiber.pl\/olkusz\/wp-json\/wp\/v2\/media\/597"}],"wp:attachment":[{"href":"https:\/\/fiber.pl\/olkusz\/wp-json\/wp\/v2\/media?parent=596"}],"wp:term":[{"taxonomy":"category","embeddable":true,"href":"https:\/\/fiber.pl\/olkusz\/wp-json\/wp\/v2\/categories?post=596"},{"taxonomy":"post_tag","embeddable":true,"href":"https:\/\/fiber.pl\/olkusz\/wp-json\/wp\/v2\/tags?post=596"}],"curies":[{"name":"wp","href":"https:\/\/api.w.org\/{rel}","templated":true}]}}