{"id":794,"date":"2020-10-23T12:33:36","date_gmt":"2020-10-23T12:33:36","guid":{"rendered":"https:\/\/fiber.pl\/olkusz\/?p=794"},"modified":"2020-10-23T12:33:36","modified_gmt":"2020-10-23T12:33:36","slug":"jesien-z-tv-fiber","status":"publish","type":"post","link":"https:\/\/fiber.pl\/olkusz\/jesien-z-tv-fiber\/","title":{"rendered":"Jesie\u0144 z telewizj\u0105 FIBER"},"content":{"rendered":"<p><a href=\"https:\/\/fiber.pl\/olkusz\/telewizja\/\">Nowe pakiety telewizyjne<\/a>, CANAL+, mn\u00f3stwo nowo\u015bci i prezent\u00f3w. Sp\u0119d\u017a jesie\u0144 z telewizj\u0105 FIBER i w bezpiecznym domu korzystaj z jej mo\u017cliwo\u015bci!<\/p>\n<p>&nbsp;<\/p>\n<p>&nbsp;<\/p>\n","protected":false},"excerpt":{"rendered":"<p>Nowe pakiety telewizyjne, CANAL+, mn\u00f3stwo nowo\u015bci i prezent\u00f3w. Sp\u0119d\u017a jesie\u0144 z telewizj\u0105 FIBER i w bezpiecznym [&#8230;] <\/p>\n<div class=\"read-mode-box\"><a class=\"btn btn-default read-more\" href=\"https:\/\/fiber.pl\/olkusz\/jesien-z-tv-fiber\/\">Czytaj wi\u0119cej<\/a><\/div>\n","protected":false},"author":5,"featured_media":797,"comment_status":"closed","ping_status":"open","sticky":false,"template":"","format":"standard","meta":{"om_disable_all_campaigns":false,"_monsterinsights_skip_tracking":false,"_monsterinsights_sitenote_active":false,"_monsterinsights_sitenote_note":"","_monsterinsights_sitenote_category":0,"footnotes":""},"categories":[1],"tags":[],"class_list":["post-794","post","type-post","status-publish","format-standard","has-post-thumbnail","hentry","category-aktualnosci"],"_links":{"self":[{"href":"https:\/\/fiber.pl\/olkusz\/wp-json\/wp\/v2\/posts\/794","targetHints":{"allow":["GET"]}}],"collection":[{"href":"https:\/\/fiber.pl\/olkusz\/wp-json\/wp\/v2\/posts"}],"about":[{"href":"https:\/\/fiber.pl\/olkusz\/wp-json\/wp\/v2\/types\/post"}],"author":[{"embeddable":true,"href":"https:\/\/fiber.pl\/olkusz\/wp-json\/wp\/v2\/users\/5"}],"replies":[{"embeddable":true,"href":"https:\/\/fiber.pl\/olkusz\/wp-json\/wp\/v2\/comments?post=794"}],"version-history":[{"count":2,"href":"https:\/\/fiber.pl\/olkusz\/wp-json\/wp\/v2\/posts\/794\/revisions"}],"predecessor-version":[{"id":799,"href":"https:\/\/fiber.pl\/olkusz\/wp-json\/wp\/v2\/posts\/794\/revisions\/799"}],"wp:featuredmedia":[{"embeddable":true,"href":"https:\/\/fiber.pl\/olkusz\/wp-json\/wp\/v2\/media\/797"}],"wp:attachment":[{"href":"https:\/\/fiber.pl\/olkusz\/wp-json\/wp\/v2\/media?parent=794"}],"wp:term":[{"taxonomy":"category","embeddable":true,"href":"https:\/\/fiber.pl\/olkusz\/wp-json\/wp\/v2\/categories?post=794"},{"taxonomy":"post_tag","embeddable":true,"href":"https:\/\/fiber.pl\/olkusz\/wp-json\/wp\/v2\/tags?post=794"}],"curies":[{"name":"wp","href":"https:\/\/api.w.org\/{rel}","templated":true}]}}