{"id":824,"date":"2020-11-09T21:30:20","date_gmt":"2020-11-09T21:30:20","guid":{"rendered":"https:\/\/fiber.pl\/olkusz\/?p=824"},"modified":"2020-11-09T21:30:20","modified_gmt":"2020-11-09T21:30:20","slug":"fiber-podarowal-drzewa-dla-wolbromia","status":"publish","type":"post","link":"https:\/\/fiber.pl\/olkusz\/fiber-podarowal-drzewa-dla-wolbromia\/","title":{"rendered":"FIBER podarowa\u0142 drzewa dla Wolbromia"},"content":{"rendered":"<p>Jesie\u0144 to bardzo dobry czas, \u017ceby pomy\u015ble\u0107 o nowych drzewach w naszej wsp\u00f3lnej przestrzeni, kt\u00f3re b\u0119d\u0105 cieszy\u0142y oko wiosn\u0105. A do tego dadz\u0105 odrobin\u0119 cienia i pomog\u0105 w walce o lepsze powietrze dla nas wszystkich. Z inicjatyw\u0105 kupna osiemnastu prawie 3-metrowych sadzonek dla Gminy Wolbrom wyszed\u0142 FIBER, wasz lokalny operator sieci \u015bwiat\u0142owodowej.<\/p>\n<p>Nowe drzewka pojawi\u0142y si\u0119 na czterech wolbromskich osiedlach: przy ulicach \u0141okietka, Chrobrego, Lipowej oraz przy Domu Kultury w Wolbromiu.<\/p>\n<p>&#8211; Dbamy o \u015brodowisko, w kt\u00f3rym pracujemy i \u017cyjemy. Wszystkim nam zale\u017cy na tym, aby wsp\u00f3lna przestrze\u0144 by\u0142a zadbana i zielona. Wsp\u00f3lnie z pracownikami Urz\u0119du Miasta i Gminy Wolbrom wybrali\u015bmy miejsca, w kt\u00f3rych cz\u0119sto przebywaj\u0105 mieszka\u0144cy, g\u0142\u00f3wnie nowe place zabaw i si\u0142ownie na \u015bwie\u017cym powietrzu. Drzewa s\u0105 nie tylko ratunkiem przed smogiem, ale r\u00f3wnie\u017c daj\u0105 troch\u0119 cienia w upalne dni \u2013 komentuj\u0105 w\u0142a\u015bciciele firmy Interkonekt, w\u0142a\u015bciciela sieci FIBER.<\/p>\n<p>Burmistrz Adam Zielnik z du\u017cym entuzjazmem przysta\u0142 na propozycj\u0119 firmy, dzi\u0119ki czemu klony, wi\u015bnie czarne i jod\u0142y balsamiczne zosta\u0142y posadzone w miejscach odpoczynku. Nasadzenia nowych drzew wpisuj\u0105 si\u0119 w regionaln\u0105 strategi\u0119 walki ze smogiem, a wsparcie samorz\u0105d\u00f3w w tym zakresie jest du\u017c\u0105 pomoc\u0105 w obliczu trudnej dla nich sytuacji ekonomicznej zwi\u0105zanej z pandemi\u0105.<\/p>\n<p>To nie pierwsza akcja spo\u0142eczna tej firmy. W\u0142a\u015bciciele i pracownicy FIBER bardzo ch\u0119tnie anga\u017cuj\u0105 si\u0119 w lokalne inicjatywy, za co bran\u017ca telekomunikacyjna doceni\u0142a firm\u0119 g\u0142\u00f3wn\u0105 nagrod\u0105 w konkursie<a href=\"https:\/\/fiber.pl\/olkusz\/fiber-najlepszy-w-polsce\/\"> Tele.Odpowiedzialny 2019<\/a>. W ostatnich latach firma zaanga\u017cowa\u0142a si\u0119 w dziesi\u0105tki w\u0142asnych akcji oraz inicjatyw stowarzysze\u0144, samorz\u0105d\u00f3w i szk\u00f3\u0142 z terenu powiatu olkuskiego i zawiercia\u0144skiego.<\/p>\n<p><img loading=\"lazy\" decoding=\"async\" class=\"alignnone size-full wp-image-818\" src=\"https:\/\/fiber.pl\/olkusz\/wp-content\/uploads\/2020\/11\/Chrobrego1.jpg\" alt=\"\" width=\"1500\" height=\"1125\" srcset=\"https:\/\/fiber.pl\/olkusz\/wp-content\/uploads\/2020\/11\/Chrobrego1.jpg 1500w, https:\/\/fiber.pl\/olkusz\/wp-content\/uploads\/2020\/11\/Chrobrego1-300x225.jpg 300w, https:\/\/fiber.pl\/olkusz\/wp-content\/uploads\/2020\/11\/Chrobrego1-1024x768.jpg 1024w, https:\/\/fiber.pl\/olkusz\/wp-content\/uploads\/2020\/11\/Chrobrego1-768x576.jpg 768w\" sizes=\"auto, (max-width: 1500px) 100vw, 1500px\" \/> <img loading=\"lazy\" decoding=\"async\" class=\"alignnone size-full wp-image-819\" src=\"https:\/\/fiber.pl\/olkusz\/wp-content\/uploads\/2020\/11\/DK-klony1.jpg\" alt=\"\" width=\"1500\" height=\"1125\" srcset=\"https:\/\/fiber.pl\/olkusz\/wp-content\/uploads\/2020\/11\/DK-klony1.jpg 1500w, https:\/\/fiber.pl\/olkusz\/wp-content\/uploads\/2020\/11\/DK-klony1-300x225.jpg 300w, https:\/\/fiber.pl\/olkusz\/wp-content\/uploads\/2020\/11\/DK-klony1-1024x768.jpg 1024w, https:\/\/fiber.pl\/olkusz\/wp-content\/uploads\/2020\/11\/DK-klony1-768x576.jpg 768w\" sizes=\"auto, (max-width: 1500px) 100vw, 1500px\" \/> <img loading=\"lazy\" decoding=\"async\" class=\"alignnone size-full wp-image-820\" src=\"https:\/\/fiber.pl\/olkusz\/wp-content\/uploads\/2020\/11\/DK-wisnie1.jpg\" alt=\"\" width=\"1500\" height=\"1125\" srcset=\"https:\/\/fiber.pl\/olkusz\/wp-content\/uploads\/2020\/11\/DK-wisnie1.jpg 1500w, https:\/\/fiber.pl\/olkusz\/wp-content\/uploads\/2020\/11\/DK-wisnie1-300x225.jpg 300w, https:\/\/fiber.pl\/olkusz\/wp-content\/uploads\/2020\/11\/DK-wisnie1-1024x768.jpg 1024w, https:\/\/fiber.pl\/olkusz\/wp-content\/uploads\/2020\/11\/DK-wisnie1-768x576.jpg 768w\" sizes=\"auto, (max-width: 1500px) 100vw, 1500px\" \/> <img loading=\"lazy\" decoding=\"async\" class=\"alignnone size-full wp-image-823\" src=\"https:\/\/fiber.pl\/olkusz\/wp-content\/uploads\/2020\/11\/Lokietka1.jpg\" alt=\"\" width=\"1500\" height=\"1125\" srcset=\"https:\/\/fiber.pl\/olkusz\/wp-content\/uploads\/2020\/11\/Lokietka1.jpg 1500w, https:\/\/fiber.pl\/olkusz\/wp-content\/uploads\/2020\/11\/Lokietka1-300x225.jpg 300w, https:\/\/fiber.pl\/olkusz\/wp-content\/uploads\/2020\/11\/Lokietka1-1024x768.jpg 1024w, https:\/\/fiber.pl\/olkusz\/wp-content\/uploads\/2020\/11\/Lokietka1-768x576.jpg 768w\" sizes=\"auto, (max-width: 1500px) 100vw, 1500px\" \/> <img loading=\"lazy\" decoding=\"async\" class=\"alignnone size-full wp-image-822\" src=\"https:\/\/fiber.pl\/olkusz\/wp-content\/uploads\/2020\/11\/IMG_20201105_130611.jpg\" alt=\"\" width=\"1500\" height=\"1125\" srcset=\"https:\/\/fiber.pl\/olkusz\/wp-content\/uploads\/2020\/11\/IMG_20201105_130611.jpg 1500w, https:\/\/fiber.pl\/olkusz\/wp-content\/uploads\/2020\/11\/IMG_20201105_130611-300x225.jpg 300w, https:\/\/fiber.pl\/olkusz\/wp-content\/uploads\/2020\/11\/IMG_20201105_130611-1024x768.jpg 1024w, https:\/\/fiber.pl\/olkusz\/wp-content\/uploads\/2020\/11\/IMG_20201105_130611-768x576.jpg 768w\" sizes=\"auto, (max-width: 1500px) 100vw, 1500px\" \/><\/p>\n","protected":false},"excerpt":{"rendered":"<p>Jesie\u0144 to bardzo dobry czas, \u017ceby pomy\u015ble\u0107 o nowych drzewach w naszej wsp\u00f3lnej przestrzeni, kt\u00f3re b\u0119d\u0105 [&#8230;] <\/p>\n<div class=\"read-mode-box\"><a class=\"btn btn-default read-more\" href=\"https:\/\/fiber.pl\/olkusz\/fiber-podarowal-drzewa-dla-wolbromia\/\">Czytaj wi\u0119cej<\/a><\/div>\n","protected":false},"author":5,"featured_media":821,"comment_status":"closed","ping_status":"open","sticky":false,"template":"","format":"standard","meta":{"om_disable_all_campaigns":false,"_monsterinsights_skip_tracking":false,"_monsterinsights_sitenote_active":false,"_monsterinsights_sitenote_note":"","_monsterinsights_sitenote_category":0,"footnotes":""},"categories":[1],"tags":[],"class_list":["post-824","post","type-post","status-publish","format-standard","has-post-thumbnail","hentry","category-aktualnosci"],"_links":{"self":[{"href":"https:\/\/fiber.pl\/olkusz\/wp-json\/wp\/v2\/posts\/824","targetHints":{"allow":["GET"]}}],"collection":[{"href":"https:\/\/fiber.pl\/olkusz\/wp-json\/wp\/v2\/posts"}],"about":[{"href":"https:\/\/fiber.pl\/olkusz\/wp-json\/wp\/v2\/types\/post"}],"author":[{"embeddable":true,"href":"https:\/\/fiber.pl\/olkusz\/wp-json\/wp\/v2\/users\/5"}],"replies":[{"embeddable":true,"href":"https:\/\/fiber.pl\/olkusz\/wp-json\/wp\/v2\/comments?post=824"}],"version-history":[{"count":1,"href":"https:\/\/fiber.pl\/olkusz\/wp-json\/wp\/v2\/posts\/824\/revisions"}],"predecessor-version":[{"id":825,"href":"https:\/\/fiber.pl\/olkusz\/wp-json\/wp\/v2\/posts\/824\/revisions\/825"}],"wp:featuredmedia":[{"embeddable":true,"href":"https:\/\/fiber.pl\/olkusz\/wp-json\/wp\/v2\/media\/821"}],"wp:attachment":[{"href":"https:\/\/fiber.pl\/olkusz\/wp-json\/wp\/v2\/media?parent=824"}],"wp:term":[{"taxonomy":"category","embeddable":true,"href":"https:\/\/fiber.pl\/olkusz\/wp-json\/wp\/v2\/categories?post=824"},{"taxonomy":"post_tag","embeddable":true,"href":"https:\/\/fiber.pl\/olkusz\/wp-json\/wp\/v2\/tags?post=824"}],"curies":[{"name":"wp","href":"https:\/\/api.w.org\/{rel}","templated":true}]}}