{"id":826,"date":"2020-11-10T15:05:18","date_gmt":"2020-11-10T15:05:18","guid":{"rendered":"https:\/\/fiber.pl\/olkusz\/?p=826"},"modified":"2020-11-10T15:08:16","modified_gmt":"2020-11-10T15:08:16","slug":"transmisja-mszy-sw-w-dzien-niepodleglosci","status":"publish","type":"post","link":"https:\/\/fiber.pl\/olkusz\/transmisja-mszy-sw-w-dzien-niepodleglosci\/","title":{"rendered":"Transmisja Mszy \u015bw. w Dzie\u0144 Niepodleg\u0142o\u015bci"},"content":{"rendered":"<div data-contents=\"true\">\n<div class=\"\" data-block=\"true\" data-editor=\"dkc1p\" data-offset-key=\"e46dl-0-0\">\n<div class=\"_1mf _1mj\" data-offset-key=\"e46dl-0-0\"><span data-offset-key=\"e46dl-0-0\">Covid nieco namiesza\u0142 w celebrowaniu \u015awi\u0119ta Niepodleg\u0142o\u015bci, ale siedz\u0105c w bezpiecznych domach mo\u017cecie uczestniczy\u0107 w Mszy \u015bw. za ojczyzn\u0119. FIBER zapewni\u0142 \u0142\u0105cze, za po\u015brednictwem kt\u00f3rego z pr\u0119dko\u015bci\u0105 \u015bwiat\u0142a b\u0119dzie transmitowane nabo\u017ce\u0144stwo w wolbromskim ko\u015bciele \u015bw. Katarzyny.<\/span><\/div>\n<\/div>\n<div class=\"\" data-block=\"true\" data-editor=\"dkc1p\" data-offset-key=\"eja9u-0-0\">\n<div class=\"_1mf _1mj\" data-offset-key=\"eja9u-0-0\"><span data-offset-key=\"eja9u-0-0\">\u00a0<\/span><\/div>\n<\/div>\n<div class=\"\" data-block=\"true\" data-editor=\"dkc1p\" data-offset-key=\"6662r-0-0\">\n<div class=\"_1mf _1mj\" data-offset-key=\"6662r-0-0\"><a href=\"https:\/\/cutt.ly\/tgCYLfx\" target=\"_blank\" rel=\"noopener\"><span data-offset-key=\"6662r-0-0\">Link do transmisji na YouTube<\/span><\/a><\/div>\n<\/div>\n<div class=\"\" data-block=\"true\" data-editor=\"dkc1p\" data-offset-key=\"89tlb-0-0\">\n<div class=\"_1mf _1mj\" data-offset-key=\"89tlb-0-0\"><span data-offset-key=\"89tlb-0-0\">\u00a0<\/span><\/div>\n<\/div>\n<div class=\"\" data-block=\"true\" data-editor=\"dkc1p\" data-offset-key=\"8qq4h-0-0\">\n<div class=\"_1mf _1mj\" data-offset-key=\"a3pmg-0-0\"><a href=\"https:\/\/cutt.ly\/VgCYBjv\" target=\"_blank\" rel=\"noopener\"><span data-offset-key=\"8qq4h-0-0\">Wi\u0119cej informacji na stronie <\/span><span class=\"diy96o5h\" spellcheck=\"false\" data-offset-key=\"8qq4h-1-0\"><span data-offset-key=\"8qq4h-1-0\">Gminy Wolbrom<\/span><\/span><\/a><\/div>\n<\/div>\n<div class=\"\" data-block=\"true\" data-editor=\"dkc1p\" data-offset-key=\"65ofi-0-0\">\n<div class=\"_1mf _1mj\" data-offset-key=\"65ofi-0-0\"><span data-offset-key=\"65ofi-0-0\">\u00a0<\/span><\/div>\n<\/div>\n<div class=\"\" data-block=\"true\" data-editor=\"dkc1p\" data-offset-key=\"4chcf-0-0\">\n<div class=\"_1mf _1mj\" data-offset-key=\"4chcf-0-0\"><span data-offset-key=\"4chcf-0-0\">FIBER<\/span><\/div>\n<\/div>\n<div class=\"\" data-block=\"true\" data-editor=\"dkc1p\" data-offset-key=\"fbv15-0-0\">\n<div class=\"_1mf _1mj\" data-offset-key=\"fbv15-0-0\"><span data-offset-key=\"fbv15-0-0\">\u0141\u0105czymy ludzi z pr\u0119dko\u015bci\u0105 \u015bwiat\u0142a<br \/>\n<\/span><\/div>\n<\/div>\n<\/div>\n","protected":false},"excerpt":{"rendered":"<p>Covid nieco namiesza\u0142 w celebrowaniu \u015awi\u0119ta Niepodleg\u0142o\u015bci, ale siedz\u0105c w bezpiecznych domach mo\u017cecie uczestniczy\u0107 w Mszy [&#8230;] <\/p>\n<div class=\"read-mode-box\"><a class=\"btn btn-default read-more\" href=\"https:\/\/fiber.pl\/olkusz\/transmisja-mszy-sw-w-dzien-niepodleglosci\/\">Czytaj wi\u0119cej<\/a><\/div>\n","protected":false},"author":5,"featured_media":827,"comment_status":"closed","ping_status":"open","sticky":false,"template":"","format":"standard","meta":{"om_disable_all_campaigns":false,"_monsterinsights_skip_tracking":false,"_monsterinsights_sitenote_active":false,"_monsterinsights_sitenote_note":"","_monsterinsights_sitenote_category":0,"footnotes":""},"categories":[1],"tags":[],"class_list":["post-826","post","type-post","status-publish","format-standard","has-post-thumbnail","hentry","category-aktualnosci"],"_links":{"self":[{"href":"https:\/\/fiber.pl\/olkusz\/wp-json\/wp\/v2\/posts\/826","targetHints":{"allow":["GET"]}}],"collection":[{"href":"https:\/\/fiber.pl\/olkusz\/wp-json\/wp\/v2\/posts"}],"about":[{"href":"https:\/\/fiber.pl\/olkusz\/wp-json\/wp\/v2\/types\/post"}],"author":[{"embeddable":true,"href":"https:\/\/fiber.pl\/olkusz\/wp-json\/wp\/v2\/users\/5"}],"replies":[{"embeddable":true,"href":"https:\/\/fiber.pl\/olkusz\/wp-json\/wp\/v2\/comments?post=826"}],"version-history":[{"count":3,"href":"https:\/\/fiber.pl\/olkusz\/wp-json\/wp\/v2\/posts\/826\/revisions"}],"predecessor-version":[{"id":830,"href":"https:\/\/fiber.pl\/olkusz\/wp-json\/wp\/v2\/posts\/826\/revisions\/830"}],"wp:featuredmedia":[{"embeddable":true,"href":"https:\/\/fiber.pl\/olkusz\/wp-json\/wp\/v2\/media\/827"}],"wp:attachment":[{"href":"https:\/\/fiber.pl\/olkusz\/wp-json\/wp\/v2\/media?parent=826"}],"wp:term":[{"taxonomy":"category","embeddable":true,"href":"https:\/\/fiber.pl\/olkusz\/wp-json\/wp\/v2\/categories?post=826"},{"taxonomy":"post_tag","embeddable":true,"href":"https:\/\/fiber.pl\/olkusz\/wp-json\/wp\/v2\/tags?post=826"}],"curies":[{"name":"wp","href":"https:\/\/api.w.org\/{rel}","templated":true}]}}