{"id":837,"date":"2020-11-16T17:14:35","date_gmt":"2020-11-16T17:14:35","guid":{"rendered":"https:\/\/fiber.pl\/olkusz\/?p=837"},"modified":"2020-11-16T17:14:35","modified_gmt":"2020-11-16T17:14:35","slug":"fiber-przyjacielem-osiedla-mlodych","status":"publish","type":"post","link":"https:\/\/fiber.pl\/olkusz\/fiber-przyjacielem-osiedla-mlodych\/","title":{"rendered":"FIBER Przyjacielem Osiedla M\u0142odych"},"content":{"rendered":"<p lang=\"pl-PL\">W Dolince na Osiedlu M\u0142odych powsta\u0142 w ostatnich dniach brzozowy zagajnik. Sponsorem nowych drzewek jest FIBER. Lokalny operator sieci \u015bwiat\u0142owodowej wspar\u0142 Gmin\u0119 Olkusz przekazuj\u0105c osiem 3-metrowych sadzonek. Za zaanga\u017cowanie w sprawy osiedla, FIBER zosta\u0142 uhonorowany statuetk\u0105 Przyjaciel Osiedla M\u0142odych.<\/p>\n<p lang=\"pl-PL\">Dzi\u0119ki wsp\u00f3\u0142pracy lokalnej firmy, jak\u0105 jest Interkonekt, Urz\u0119du Miasta i Gminy w Olkuszu, radnego miejskiego Wojciecha Ozdoby i zarz\u0105du Osiedla M\u0142odych uda\u0142o si\u0119 zagospodarowa\u0107 kolejny zak\u0105tek Dolinki. To ch\u0119tnie odwiedzane przez mieszka\u0144c\u00f3w miejsce staje si\u0119 na naszych oczach coraz pi\u0119kniejsze.<\/p>\n<p><span lang=\"pl-PL\">&#8211; <\/span><em><span lang=\"pl-PL\">Bardzo si\u0119 cieszymy, \u017ce mo\u017cemy w taki spos\u00f3b zaanga\u017cowa\u0107 si\u0119 w projekty przeznaczone dla olkuszan. Jedn\u0105 z naszych firmowych warto\u015bci jest aktywno\u015b\u0107 we wszystkich sferach \u017cycia, w tym r\u00f3wnie\u017c aktywny odpoczynek. St\u0105d nasze szczeg\u00f3lne zaanga\u017cowanie w t<\/span><span lang=\"pl-PL\">o, aby Dolinka by\u0142a miejscem ch\u0119tnie wybieranym na spacer, zabaw\u0119 z dzie\u0107mi, jazd\u0119 na rolkach czy rowerze<\/span><\/em><span lang=\"pl-PL\"> \u2013 komentuj\u0105 w\u0142a\u015bciciele firmy Interkonekt.<\/span><\/p>\n<p lang=\"pl-PL\">Firma zosta\u0142a uhonorowana przez zarz\u0105d osiedla statuetk\u0105 \u201ePrzyjaciel Osiedla M\u0142odych\u201d. &#8211; <em>To bardzo mi\u0142y gest, kt\u00f3ry sprawi\u0142 nam du\u017c\u0105 przyjemno\u015b\u0107<\/em> \u2013 dzi\u0119kuj\u0105 w\u0142a\u015bciciele marki FIBER.<\/p>\n<p><span lang=\"pl-PL\">&#8211; <em>Zaanga\u017cowanie lokalnych firm w projekty spo\u0142eczne jest z perspektywy mieszka\u0144c\u00f3w niezwykle istotne. Wiele razy mogli\u015bmy liczy\u0107 na przychylno\u015b\u0107 <\/em><\/span><em><span lang=\"pl-PL\">firmy<\/span><span lang=\"pl-PL\"> i w imieniu mieszka\u0144c\u00f3w Osiedla M\u0142odych bardzo za <\/span><span lang=\"pl-PL\">ni\u0105<\/span><\/em><span lang=\"pl-PL\"><em> dzi\u0119kujemy<\/em> \u2013 m\u00f3wi\u0105 Wojciech Ozdoba i Jan Dura\u0144ski z zarz\u0105du tego osiedla.<\/span><\/p>\n<p><span lang=\"pl-PL\">To kolejny w ostatnim czasie prezent dla mieszka\u0144c\u00f3w t<\/span><span lang=\"pl-PL\">ej cz\u0119\u015bci miasta<\/span><span lang=\"pl-PL\">. <\/span><span lang=\"pl-PL\">Niedawno n<\/span><span lang=\"pl-PL\">a nowym placu zabaw w Dolince zosta\u0142 zamontowany <a href=\"https:\/\/www.facebook.com\/interkonekt\/posts\/3623847117634828\" target=\"_blank\" rel=\"noopener\">dezynfektor do r\u0105k<\/a> przekazany przez w\u0142a\u015bcicieli firmy Interkonekt. <\/span><span lang=\"pl-PL\">Dzi\u0119ki niemu<\/span><span lang=\"pl-PL\"> dzieciaki i ich rodzice mog\u0105 zdezynfekowa\u0107 r\u0119ce przed zabaw\u0105 we wsp\u00f3lnej przestrzeni.<\/span><\/p>\n<p><span lang=\"pl-PL\"><img loading=\"lazy\" decoding=\"async\" class=\"alignnone size-full wp-image-836\" src=\"https:\/\/fiber.pl\/olkusz\/wp-content\/uploads\/2020\/11\/IMG_20201112_153107.jpg\" alt=\"\" width=\"1500\" height=\"1125\" srcset=\"https:\/\/fiber.pl\/olkusz\/wp-content\/uploads\/2020\/11\/IMG_20201112_153107.jpg 1500w, https:\/\/fiber.pl\/olkusz\/wp-content\/uploads\/2020\/11\/IMG_20201112_153107-300x225.jpg 300w, https:\/\/fiber.pl\/olkusz\/wp-content\/uploads\/2020\/11\/IMG_20201112_153107-1024x768.jpg 1024w, https:\/\/fiber.pl\/olkusz\/wp-content\/uploads\/2020\/11\/IMG_20201112_153107-768x576.jpg 768w\" sizes=\"auto, (max-width: 1500px) 100vw, 1500px\" \/> <\/span><\/p>\n<p><span lang=\"pl-PL\"><img loading=\"lazy\" decoding=\"async\" class=\"alignnone size-full wp-image-833\" src=\"https:\/\/fiber.pl\/olkusz\/wp-content\/uploads\/2020\/11\/IMG_20201112_150140.jpg\" alt=\"\" width=\"1500\" height=\"1125\" srcset=\"https:\/\/fiber.pl\/olkusz\/wp-content\/uploads\/2020\/11\/IMG_20201112_150140.jpg 1500w, https:\/\/fiber.pl\/olkusz\/wp-content\/uploads\/2020\/11\/IMG_20201112_150140-300x225.jpg 300w, https:\/\/fiber.pl\/olkusz\/wp-content\/uploads\/2020\/11\/IMG_20201112_150140-1024x768.jpg 1024w, https:\/\/fiber.pl\/olkusz\/wp-content\/uploads\/2020\/11\/IMG_20201112_150140-768x576.jpg 768w\" sizes=\"auto, (max-width: 1500px) 100vw, 1500px\" \/><\/span><\/p>\n<p><span lang=\"pl-PL\"><img loading=\"lazy\" decoding=\"async\" class=\"alignnone size-full wp-image-835\" src=\"https:\/\/fiber.pl\/olkusz\/wp-content\/uploads\/2020\/11\/IMG_20201112_151402.jpg\" alt=\"\" width=\"1500\" height=\"1125\" srcset=\"https:\/\/fiber.pl\/olkusz\/wp-content\/uploads\/2020\/11\/IMG_20201112_151402.jpg 1500w, https:\/\/fiber.pl\/olkusz\/wp-content\/uploads\/2020\/11\/IMG_20201112_151402-300x225.jpg 300w, https:\/\/fiber.pl\/olkusz\/wp-content\/uploads\/2020\/11\/IMG_20201112_151402-1024x768.jpg 1024w, https:\/\/fiber.pl\/olkusz\/wp-content\/uploads\/2020\/11\/IMG_20201112_151402-768x576.jpg 768w\" sizes=\"auto, (max-width: 1500px) 100vw, 1500px\" \/><\/span><\/p>\n<p><img loading=\"lazy\" decoding=\"async\" class=\"alignnone size-full wp-image-832\" src=\"https:\/\/fiber.pl\/olkusz\/wp-content\/uploads\/2020\/11\/IMG_20201112_150132.jpg\" alt=\"\" width=\"1500\" height=\"1125\" srcset=\"https:\/\/fiber.pl\/olkusz\/wp-content\/uploads\/2020\/11\/IMG_20201112_150132.jpg 1500w, https:\/\/fiber.pl\/olkusz\/wp-content\/uploads\/2020\/11\/IMG_20201112_150132-300x225.jpg 300w, https:\/\/fiber.pl\/olkusz\/wp-content\/uploads\/2020\/11\/IMG_20201112_150132-1024x768.jpg 1024w, https:\/\/fiber.pl\/olkusz\/wp-content\/uploads\/2020\/11\/IMG_20201112_150132-768x576.jpg 768w\" sizes=\"auto, (max-width: 1500px) 100vw, 1500px\" \/><\/p>\n","protected":false},"excerpt":{"rendered":"<p>W Dolince na Osiedlu M\u0142odych powsta\u0142 w ostatnich dniach brzozowy zagajnik. Sponsorem nowych drzewek jest FIBER. [&#8230;] <\/p>\n<div class=\"read-mode-box\"><a class=\"btn btn-default read-more\" href=\"https:\/\/fiber.pl\/olkusz\/fiber-przyjacielem-osiedla-mlodych\/\">Czytaj wi\u0119cej<\/a><\/div>\n","protected":false},"author":5,"featured_media":834,"comment_status":"closed","ping_status":"open","sticky":false,"template":"","format":"standard","meta":{"om_disable_all_campaigns":false,"_monsterinsights_skip_tracking":false,"_monsterinsights_sitenote_active":false,"_monsterinsights_sitenote_note":"","_monsterinsights_sitenote_category":0,"footnotes":""},"categories":[1],"tags":[],"class_list":["post-837","post","type-post","status-publish","format-standard","has-post-thumbnail","hentry","category-aktualnosci"],"_links":{"self":[{"href":"https:\/\/fiber.pl\/olkusz\/wp-json\/wp\/v2\/posts\/837","targetHints":{"allow":["GET"]}}],"collection":[{"href":"https:\/\/fiber.pl\/olkusz\/wp-json\/wp\/v2\/posts"}],"about":[{"href":"https:\/\/fiber.pl\/olkusz\/wp-json\/wp\/v2\/types\/post"}],"author":[{"embeddable":true,"href":"https:\/\/fiber.pl\/olkusz\/wp-json\/wp\/v2\/users\/5"}],"replies":[{"embeddable":true,"href":"https:\/\/fiber.pl\/olkusz\/wp-json\/wp\/v2\/comments?post=837"}],"version-history":[{"count":2,"href":"https:\/\/fiber.pl\/olkusz\/wp-json\/wp\/v2\/posts\/837\/revisions"}],"predecessor-version":[{"id":839,"href":"https:\/\/fiber.pl\/olkusz\/wp-json\/wp\/v2\/posts\/837\/revisions\/839"}],"wp:featuredmedia":[{"embeddable":true,"href":"https:\/\/fiber.pl\/olkusz\/wp-json\/wp\/v2\/media\/834"}],"wp:attachment":[{"href":"https:\/\/fiber.pl\/olkusz\/wp-json\/wp\/v2\/media?parent=837"}],"wp:term":[{"taxonomy":"category","embeddable":true,"href":"https:\/\/fiber.pl\/olkusz\/wp-json\/wp\/v2\/categories?post=837"},{"taxonomy":"post_tag","embeddable":true,"href":"https:\/\/fiber.pl\/olkusz\/wp-json\/wp\/v2\/tags?post=837"}],"curies":[{"name":"wp","href":"https:\/\/api.w.org\/{rel}","templated":true}]}}