{"id":862,"date":"2020-12-01T16:24:34","date_gmt":"2020-12-01T16:24:34","guid":{"rendered":"https:\/\/fiber.pl\/olkusz\/?p=862"},"modified":"2020-12-01T16:24:34","modified_gmt":"2020-12-01T16:24:34","slug":"konkurs-mikolajkowy-fiber","status":"publish","type":"post","link":"https:\/\/fiber.pl\/olkusz\/konkurs-mikolajkowy-fiber\/","title":{"rendered":"Konkurs Miko\u0142ajkowy FIBER"},"content":{"rendered":"<p><span lang=\"pl-PL\">Ho\u0142, ho\u0142, ho\u0142! A kto to u nas by\u0142? Tak, to \u015awi\u0119ty Miko\u0142aj zostawi\u0142 co\u015b dla naszych <\/span><span lang=\"pl-PL\">fiberowych <\/span><span lang=\"pl-PL\">dzieciak\u00f3w! Jak mo\u017cna zdoby\u0107 torb\u0119 z nagrodami niespodziankami od Disneya i FIBERA? To bardzo proste! Wygra\u0107 konkurs \u201e<\/span><span lang=\"pl-PL\">Prezent dla Miko\u0142aja\u201d<\/span><span lang=\"pl-PL\">! <strong>Dla pi\u0119ciorga dzieci, kt\u00f3re wykonaj\u0105 najpi\u0119kniejszy <\/strong><\/span><strong><span lang=\"pl-PL\">rysunek<\/span><span lang=\"pl-PL\"> dla \u015awi\u0119tego Miko\u0142aja, mamy cudowne zestawy <\/span><span lang=\"pl-PL\">z postaciami Disneya<\/span><\/strong><span lang=\"pl-PL\"><strong>!<\/strong> <\/span><\/p>\n<p><span lang=\"pl-PL\">M<\/span><span lang=\"pl-PL\">iko\u0142aj zawsze o nas pami\u0119ta, wi\u0119c poka\u017cmy mu, \u017ce i my pami\u0119tamy o nim.<\/span><\/p>\n<p><strong><span lang=\"pl-PL\">C<\/span><span lang=\"pl-PL\">o dok\u0142adnie trzeba zrobi\u0107?<\/span><\/strong><\/p>\n<p><span lang=\"pl-PL\">1. Wykona\u0107 prac\u0119 plastyczn\u0105 w dowolnej technice.<\/span><\/p>\n<p><span lang=\"pl-PL\">2. Praca ma nawi\u0105zywa\u0107 do tego, co dzieciaki lubi\u0105 najbardziej \u2013 Bo\u017cego Narodzenia i postaci z bajek Disneya, kt\u00f3re mo\u017cecie ogl\u0105da\u0107 na kana\u0142ach tematycznych Disneya w telewizji FIBER.<\/span><\/p>\n<p><span lang=\"pl-PL\">3. Zdj\u0119cie pracy nale\u017cy wrzuci\u0107 w postaci komentarza pod <a href=\"https:\/\/www.facebook.com\/interkonekt\/posts\/3823254211027450\" target=\"_blank\" rel=\"noopener\">postem konkursowym na profilu FIBER na Facebooku<\/a> mi\u0119dzy <strong>1 a 6 grudnia 2020.<\/strong><\/span><\/p>\n<p><span lang=\"pl-PL\">W zamieszczeniu zdj\u0119cia mog\u0105 dzieciakom pomaga\u0107 rodzice. Najbardziej docenimy prace samodzielnie wykonane przez maluchy (rodzice w tym czasie mog\u0105 odpocz\u0105\u0107 przed telewizorem albo w inny ulubiony spos\u00f3b).<\/span><\/p>\n<p><span lang=\"pl-PL\">Je\u015bli szukacie inspiracji, wejd\u017acie na kana\u0142y dost\u0119pne w pakietach Telewizji FIBER:<\/span><\/p>\n<ul>\n<li><span lang=\"pl-PL\">Disney Channel<\/span><\/li>\n<li><span lang=\"pl-PL\">Disney Junior<\/span><\/li>\n<li><span lang=\"pl-PL\">Disney XD<\/span><\/li>\n<\/ul>\n<p><span lang=\"pl-PL\">W konkursie mog\u0105 wzi\u0105\u0107 udzia\u0142 <strong>dzieci w wieku od 3 do 12 lat<\/strong>, zamieszkuj\u0105ce powiaty olkuski i zawiercia\u0144ski, za zgod\u0105 swoich rodzic\u00f3w.<\/span><\/p>\n<p><span lang=\"pl-PL\">Pe\u0142ny regulamin konkursu znajdziecie <a href=\"https:\/\/fiber.pl\/olkusz\/wp-content\/uploads\/2020\/12\/Regulamin-Konkursu-Fiber-Prezent-dla-Miko\u0142aja-2020.pdf\">tutaj<\/a>.<\/span><\/p>\n<p><span lang=\"pl-PL\">Gotowi? A wi\u0119c do dzie\u0142a! <\/span><span lang=\"pl-PL\">Niech MOC b\u0119dzie z Wami!<\/span><\/p>\n<p><span lang=\"pl-PL\">FIBER<\/span><\/p>\n<p><span lang=\"pl-PL\">\u0141\u0105czymy ludzi z pr\u0119dko\u015bci\u0105 \u015bwiat\u0142a<\/span><\/p>\n<p><img loading=\"lazy\" decoding=\"async\" class=\"alignnone  wp-image-859\" src=\"https:\/\/fiber.pl\/olkusz\/wp-content\/uploads\/2020\/12\/fb_konkurs_mikolajkowy.png\" alt=\"\" width=\"714\" height=\"714\" srcset=\"https:\/\/fiber.pl\/olkusz\/wp-content\/uploads\/2020\/12\/fb_konkurs_mikolajkowy.png 1080w, https:\/\/fiber.pl\/olkusz\/wp-content\/uploads\/2020\/12\/fb_konkurs_mikolajkowy-300x300.png 300w, https:\/\/fiber.pl\/olkusz\/wp-content\/uploads\/2020\/12\/fb_konkurs_mikolajkowy-1024x1024.png 1024w, https:\/\/fiber.pl\/olkusz\/wp-content\/uploads\/2020\/12\/fb_konkurs_mikolajkowy-150x150.png 150w, https:\/\/fiber.pl\/olkusz\/wp-content\/uploads\/2020\/12\/fb_konkurs_mikolajkowy-768x768.png 768w\" sizes=\"auto, (max-width: 714px) 100vw, 714px\" \/><\/p>\n","protected":false},"excerpt":{"rendered":"<p>Ho\u0142, ho\u0142, ho\u0142! A kto to u nas by\u0142? Tak, to \u015awi\u0119ty Miko\u0142aj zostawi\u0142 co\u015b dla [&#8230;] <\/p>\n<div class=\"read-mode-box\"><a class=\"btn btn-default read-more\" href=\"https:\/\/fiber.pl\/olkusz\/konkurs-mikolajkowy-fiber\/\">Czytaj wi\u0119cej<\/a><\/div>\n","protected":false},"author":5,"featured_media":861,"comment_status":"closed","ping_status":"open","sticky":false,"template":"","format":"standard","meta":{"om_disable_all_campaigns":false,"_monsterinsights_skip_tracking":false,"_monsterinsights_sitenote_active":false,"_monsterinsights_sitenote_note":"","_monsterinsights_sitenote_category":0,"footnotes":""},"categories":[1],"tags":[],"class_list":["post-862","post","type-post","status-publish","format-standard","has-post-thumbnail","hentry","category-aktualnosci"],"_links":{"self":[{"href":"https:\/\/fiber.pl\/olkusz\/wp-json\/wp\/v2\/posts\/862","targetHints":{"allow":["GET"]}}],"collection":[{"href":"https:\/\/fiber.pl\/olkusz\/wp-json\/wp\/v2\/posts"}],"about":[{"href":"https:\/\/fiber.pl\/olkusz\/wp-json\/wp\/v2\/types\/post"}],"author":[{"embeddable":true,"href":"https:\/\/fiber.pl\/olkusz\/wp-json\/wp\/v2\/users\/5"}],"replies":[{"embeddable":true,"href":"https:\/\/fiber.pl\/olkusz\/wp-json\/wp\/v2\/comments?post=862"}],"version-history":[{"count":1,"href":"https:\/\/fiber.pl\/olkusz\/wp-json\/wp\/v2\/posts\/862\/revisions"}],"predecessor-version":[{"id":863,"href":"https:\/\/fiber.pl\/olkusz\/wp-json\/wp\/v2\/posts\/862\/revisions\/863"}],"wp:featuredmedia":[{"embeddable":true,"href":"https:\/\/fiber.pl\/olkusz\/wp-json\/wp\/v2\/media\/861"}],"wp:attachment":[{"href":"https:\/\/fiber.pl\/olkusz\/wp-json\/wp\/v2\/media?parent=862"}],"wp:term":[{"taxonomy":"category","embeddable":true,"href":"https:\/\/fiber.pl\/olkusz\/wp-json\/wp\/v2\/categories?post=862"},{"taxonomy":"post_tag","embeddable":true,"href":"https:\/\/fiber.pl\/olkusz\/wp-json\/wp\/v2\/tags?post=862"}],"curies":[{"name":"wp","href":"https:\/\/api.w.org\/{rel}","templated":true}]}}